{"id":21719,"date":"2026-03-09T07:38:44","date_gmt":"2026-03-09T13:38:44","guid":{"rendered":"https:\/\/angelneri.com\/new\/?p=21719"},"modified":"2026-03-09T07:38:44","modified_gmt":"2026-03-09T13:38:44","slug":"ataque-armado-frente-a-la-patrulla-espiritual-en-tijuana-deja-un-muerto-y-un-herido","status":"publish","type":"post","link":"https:\/\/angelneri.com\/new\/2026\/03\/09\/ataque-armado-frente-a-la-patrulla-espiritual-en-tijuana-deja-un-muerto-y-un-herido\/","title":{"rendered":"Ataque armado frente a \u00abLa Patrulla Espiritual\u00bb en Tijuana deja un muerto y un herido"},"content":{"rendered":"<p>&nbsp;<\/p>\n<p>Un violento ataque armado sacudi\u00f3 la tarde de este domingo 8 de marzo de 2026 al fraccionamiento Residencial del Bosque en Tijuana, espec\u00edficamente en el acceso del centro de rehabilitaci\u00f3n JIREH, sede de la popular agrupaci\u00f3n de TikTok \u00abLa Patrulla Espiritual\u00bb. El atentado, ejecutado por dos sujetos a bordo de una motocicleta, dej\u00f3 un saldo de un hombre fallecido en el lugar y otro herido de gravedad, quien fue trasladado por la Cruz Roja. &#x1f3db;&#xfe0f;&#x1f50e;<\/p>\n<p>De acuerdo con reportes de la Polic\u00eda Municipal, el ataque fue directo; uno de los sicarios descendi\u00f3 del veh\u00edculo y dispar\u00f3 al menos 12 proyectiles de grueso calibre contra las v\u00edctimas en las escaleras del edificio. Tras las detonaciones, elementos del Ej\u00e9rcito Mexicano y la Guardia Nacional acordonaron el \u00e1rea para las investigaciones de la Fiscal\u00eda General del Estado.<\/p>\n<p>Ante la difusi\u00f3n de rumores sobre la muerte de l\u00edderes del movimiento, \u00abChiquil\u00edn\u00bb, rostro principal de la agrupaci\u00f3n, emiti\u00f3 un mensaje para aclarar que los afectados no eran internos ni miembros del staff, sino personas que se encontraban en la v\u00eda p\u00fablica solicitando apoyo para una beca de rehabilitaci\u00f3n. Con esto, busc\u00f3 desmentir noticias falsas sobre la supuesta muerte de integrantes conocidos como \u00abEl Chango\u00f3n\u00bb o \u00abEl Macumba\u00bb.<\/p>\n<p>Hasta el momento, la Fiscal\u00eda de Baja California no ha reportado detenidos, pese al operativo de b\u00fasqueda por tierra y aire en los sectores aleda\u00f1os. Las autoridades revisan las c\u00e1maras de seguridad para identificar la ruta de escape, mientras la identidad de la persona fallecida permanece bajo reserva oficial. &#x1f6e1;&#xfe0f;&#x2728;<\/p>\n<p>#Tijuana #PatrullaEspiritual #Inseguridad #\u00daltimaHora #BajaCalifornia #AtaqueArmado #TikTok #M\u00e9xico2026 &#x1f6a8;&#x1f1f2;&#x1f1fd;&#x1f44a;<\/p>\n","protected":false},"excerpt":{"rendered":"<p>&nbsp; Un violento ataque armado sacudi\u00f3 la tarde de este domingo 8 de marzo de 2026 al fraccionamiento Residencial del Bosque en Tijuana, espec\u00edficamente en el acceso del centro de rehabilitaci\u00f3n JIREH, sede de la popular agrupaci\u00f3n de TikTok \u00abLa Patrulla Espiritual\u00bb. El atentado, ejecutado por dos sujetos a bordo de una motocicleta, dej\u00f3 un [&hellip;]<\/p>\n","protected":false},"author":6,"featured_media":21720,"comment_status":"open","ping_status":"open","sticky":false,"template":"","format":"standard","meta":{"_jetpack_memberships_contains_paid_content":false,"footnotes":"","jetpack_publicize_message":"","jetpack_publicize_feature_enabled":true,"jetpack_social_post_already_shared":true,"jetpack_social_options":{"image_generator_settings":{"template":"highway","default_image_id":0,"font":"","enabled":false},"version":2}},"categories":[71],"tags":[],"class_list":{"0":"post-21719","1":"post","2":"type-post","3":"status-publish","4":"format-standard","5":"has-post-thumbnail","7":"category-viral"},"aioseo_notices":[],"jetpack_publicize_connections":[],"jetpack_featured_media_url":"https:\/\/angelneri.com\/new\/wp-content\/uploads\/2026\/03\/IMG_9181.jpeg","jetpack_sharing_enabled":true,"_links":{"self":[{"href":"https:\/\/angelneri.com\/new\/wp-json\/wp\/v2\/posts\/21719","targetHints":{"allow":["GET"]}}],"collection":[{"href":"https:\/\/angelneri.com\/new\/wp-json\/wp\/v2\/posts"}],"about":[{"href":"https:\/\/angelneri.com\/new\/wp-json\/wp\/v2\/types\/post"}],"author":[{"embeddable":true,"href":"https:\/\/angelneri.com\/new\/wp-json\/wp\/v2\/users\/6"}],"replies":[{"embeddable":true,"href":"https:\/\/angelneri.com\/new\/wp-json\/wp\/v2\/comments?post=21719"}],"version-history":[{"count":1,"href":"https:\/\/angelneri.com\/new\/wp-json\/wp\/v2\/posts\/21719\/revisions"}],"predecessor-version":[{"id":21721,"href":"https:\/\/angelneri.com\/new\/wp-json\/wp\/v2\/posts\/21719\/revisions\/21721"}],"wp:featuredmedia":[{"embeddable":true,"href":"https:\/\/angelneri.com\/new\/wp-json\/wp\/v2\/media\/21720"}],"wp:attachment":[{"href":"https:\/\/angelneri.com\/new\/wp-json\/wp\/v2\/media?parent=21719"}],"wp:term":[{"taxonomy":"category","embeddable":true,"href":"https:\/\/angelneri.com\/new\/wp-json\/wp\/v2\/categories?post=21719"},{"taxonomy":"post_tag","embeddable":true,"href":"https:\/\/angelneri.com\/new\/wp-json\/wp\/v2\/tags?post=21719"}],"curies":[{"name":"wp","href":"https:\/\/api.w.org\/{rel}","templated":true}]}}