{"id":21772,"date":"2026-03-12T13:21:38","date_gmt":"2026-03-12T19:21:38","guid":{"rendered":"https:\/\/angelneri.com\/new\/?p=21772"},"modified":"2026-03-12T13:21:38","modified_gmt":"2026-03-12T19:21:38","slug":"evacuaron-a-99-mexicanos-de-medio-oriente-el-ultimo-dia","status":"publish","type":"post","link":"https:\/\/angelneri.com\/new\/2026\/03\/12\/evacuaron-a-99-mexicanos-de-medio-oriente-el-ultimo-dia\/","title":{"rendered":"Evacuaron a 99 mexicanos de Medio Oriente el \u00faltimo d\u00eda"},"content":{"rendered":"<p dir=\"ltr\">La Secretar\u00eda de Relaciones Exteriores report\u00f3 este 12 de marzo que \u201clas acciones consulares de nuestras embajadas en el Medio Oriente han facilitado la <strong>evacuaci\u00f3n de 1,154 residentes y turistas de M\u00e9xico<\/strong>\u201d.<\/p>\n<p dir=\"ltr\">La cifra aument\u00f3 en <strong>99 personas<\/strong>, comparado con el reporte de ayer.<\/p>\n<p dir=\"ltr\">Los mexicanos han salido de Emiratos \u00c1rabes Unidos, Israel, L\u00edbano, Jordania, Qatar, Ir\u00e1n y Bahr\u00e9in.<\/p>\n<p dir=\"ltr\">Tras casi dos semanas consecutivas de guerra, \u201c<strong>no se han reportado da\u00f1os<\/strong> a la integridad f\u00edsica de alg\u00fan connacional\u201d.<\/p>\n<p dir=\"ltr\">Asimismo, como en d\u00edas recientes, el <strong>espacio a\u00e9reo<\/strong> se encuentra abierto en forma intermitente en la mayor\u00eda de los pa\u00edses de la regi\u00f3n, asi que la Canciller\u00eda llama a mantenerse atentos a las aerol\u00edneas o agencias de viaje involucradas.<\/p>\n<p dir=\"ltr\">\u201cSe reitera que <strong>no es recomendable viajar al Medio Oriente<\/strong> mientras prevalezca la situaci\u00f3n de conflicto\u201d, insisti\u00f3 la SRE.<\/p>\n<p dir=\"ltr\">Finalmente, reconoci\u00f3 el trabajo de las embajadas, que siguen atendiendo solicitudes.<\/p>\n","protected":false},"excerpt":{"rendered":"<p>La Secretar\u00eda de Relaciones Exteriores report\u00f3 este 12 de marzo que \u201clas acciones consulares de nuestras embajadas en el Medio Oriente han facilitado la evacuaci\u00f3n de 1,154 residentes y turistas de M\u00e9xico\u201d. La cifra aument\u00f3 en 99 personas, comparado con el reporte de ayer. Los mexicanos han salido de Emiratos \u00c1rabes Unidos, Israel, L\u00edbano, Jordania, [&hellip;]<\/p>\n","protected":false},"author":6,"featured_media":21773,"comment_status":"open","ping_status":"open","sticky":false,"template":"","format":"standard","meta":{"_jetpack_memberships_contains_paid_content":false,"footnotes":"","jetpack_publicize_message":"","jetpack_publicize_feature_enabled":true,"jetpack_social_post_already_shared":true,"jetpack_social_options":{"image_generator_settings":{"template":"highway","default_image_id":0,"font":"","enabled":false},"version":2}},"categories":[186],"tags":[],"class_list":{"0":"post-21772","1":"post","2":"type-post","3":"status-publish","4":"format-standard","5":"has-post-thumbnail","7":"category-internacional"},"aioseo_notices":[],"jetpack_publicize_connections":[],"jetpack_featured_media_url":"https:\/\/angelneri.com\/new\/wp-content\/uploads\/2026\/03\/IMG_9322.jpeg","jetpack_sharing_enabled":true,"_links":{"self":[{"href":"https:\/\/angelneri.com\/new\/wp-json\/wp\/v2\/posts\/21772","targetHints":{"allow":["GET"]}}],"collection":[{"href":"https:\/\/angelneri.com\/new\/wp-json\/wp\/v2\/posts"}],"about":[{"href":"https:\/\/angelneri.com\/new\/wp-json\/wp\/v2\/types\/post"}],"author":[{"embeddable":true,"href":"https:\/\/angelneri.com\/new\/wp-json\/wp\/v2\/users\/6"}],"replies":[{"embeddable":true,"href":"https:\/\/angelneri.com\/new\/wp-json\/wp\/v2\/comments?post=21772"}],"version-history":[{"count":1,"href":"https:\/\/angelneri.com\/new\/wp-json\/wp\/v2\/posts\/21772\/revisions"}],"predecessor-version":[{"id":21774,"href":"https:\/\/angelneri.com\/new\/wp-json\/wp\/v2\/posts\/21772\/revisions\/21774"}],"wp:featuredmedia":[{"embeddable":true,"href":"https:\/\/angelneri.com\/new\/wp-json\/wp\/v2\/media\/21773"}],"wp:attachment":[{"href":"https:\/\/angelneri.com\/new\/wp-json\/wp\/v2\/media?parent=21772"}],"wp:term":[{"taxonomy":"category","embeddable":true,"href":"https:\/\/angelneri.com\/new\/wp-json\/wp\/v2\/categories?post=21772"},{"taxonomy":"post_tag","embeddable":true,"href":"https:\/\/angelneri.com\/new\/wp-json\/wp\/v2\/tags?post=21772"}],"curies":[{"name":"wp","href":"https:\/\/api.w.org\/{rel}","templated":true}]}}