{"id":22076,"date":"2026-04-30T09:16:45","date_gmt":"2026-04-30T15:16:45","guid":{"rendered":"https:\/\/angelneri.com\/new\/?p=22076"},"modified":"2026-04-30T09:16:45","modified_gmt":"2026-04-30T15:16:45","slug":"silbatazo-evaluara-sep-adelantar-fin-de-ciclo-escolar-por-el-mundial","status":"publish","type":"post","link":"https:\/\/angelneri.com\/new\/2026\/04\/30\/silbatazo-evaluara-sep-adelantar-fin-de-ciclo-escolar-por-el-mundial\/","title":{"rendered":"\u00a1Silbatazo! Evaluar\u00e1 SEP adelantar fin de ciclo escolar por el Mundial"},"content":{"rendered":"<p dir=\"ltr\">Durante la conferencia matutina, el funcionario explic\u00f3 que se llevar\u00e1 a cabo una reuni\u00f3n nacional con secretarios de Educaci\u00f3n de todo el pa\u00eds para analizar las peticiones y tomar una decisi\u00f3n conjunta.<\/p>\n<p dir=\"ltr\">Detall\u00f3 que algunas entidades han planteado modificaciones espec\u00edficas. Por ejemplo, Jalisco ha propuesto clases en l\u00ednea, mientras que Nuevo Le\u00f3n analiza medidas similares, adem\u00e1s de otros estados que buscan adelantar el calendario por condiciones clim\u00e1ticas.<\/p>\n<p dir=\"ltr\">\u201cEl pr\u00f3ximo siete, la pr\u00f3xima semana, vamos a tener una reuni\u00f3n de todos los secretarios de Educaci\u00f3n\u2026 tambi\u00e9n estamos hablando por el Mundial y por otras circunstancias dependiendo del estado\u201d, se\u00f1al\u00f3.<\/p>\n<p dir=\"ltr\">Delgado agreg\u00f3 que existe di\u00e1logo permanente con maestras y maestros, quienes tambi\u00e9n han solicitado ajustes al calendario escolar.<\/p>\n<p dir=\"ltr\">Subray\u00f3 que las entidades tienen facultades para realizar modificaciones, pero se busca una decisi\u00f3n coordinada a nivel nacional.<\/p>\n","protected":false},"excerpt":{"rendered":"<p>Durante la conferencia matutina, el funcionario explic\u00f3 que se llevar\u00e1 a cabo una reuni\u00f3n nacional con secretarios de Educaci\u00f3n de todo el pa\u00eds para analizar las peticiones y tomar una decisi\u00f3n conjunta. Detall\u00f3 que algunas entidades han planteado modificaciones espec\u00edficas. Por ejemplo, Jalisco ha propuesto clases en l\u00ednea, mientras que Nuevo Le\u00f3n analiza medidas similares, [&hellip;]<\/p>\n","protected":false},"author":6,"featured_media":22077,"comment_status":"open","ping_status":"open","sticky":false,"template":"","format":"standard","meta":{"_jetpack_memberships_contains_paid_content":false,"footnotes":"","jetpack_publicize_message":"","jetpack_publicize_feature_enabled":true,"jetpack_social_post_already_shared":true,"jetpack_social_options":{"image_generator_settings":{"template":"highway","default_image_id":0,"font":"","enabled":false},"version":2}},"categories":[18],"tags":[],"class_list":{"0":"post-22076","1":"post","2":"type-post","3":"status-publish","4":"format-standard","5":"has-post-thumbnail","7":"category-nacional"},"aioseo_notices":[],"jetpack_publicize_connections":[],"jetpack_featured_media_url":"https:\/\/angelneri.com\/new\/wp-content\/uploads\/2026\/04\/IMG_0829.jpeg","jetpack_sharing_enabled":true,"_links":{"self":[{"href":"https:\/\/angelneri.com\/new\/wp-json\/wp\/v2\/posts\/22076","targetHints":{"allow":["GET"]}}],"collection":[{"href":"https:\/\/angelneri.com\/new\/wp-json\/wp\/v2\/posts"}],"about":[{"href":"https:\/\/angelneri.com\/new\/wp-json\/wp\/v2\/types\/post"}],"author":[{"embeddable":true,"href":"https:\/\/angelneri.com\/new\/wp-json\/wp\/v2\/users\/6"}],"replies":[{"embeddable":true,"href":"https:\/\/angelneri.com\/new\/wp-json\/wp\/v2\/comments?post=22076"}],"version-history":[{"count":1,"href":"https:\/\/angelneri.com\/new\/wp-json\/wp\/v2\/posts\/22076\/revisions"}],"predecessor-version":[{"id":22078,"href":"https:\/\/angelneri.com\/new\/wp-json\/wp\/v2\/posts\/22076\/revisions\/22078"}],"wp:featuredmedia":[{"embeddable":true,"href":"https:\/\/angelneri.com\/new\/wp-json\/wp\/v2\/media\/22077"}],"wp:attachment":[{"href":"https:\/\/angelneri.com\/new\/wp-json\/wp\/v2\/media?parent=22076"}],"wp:term":[{"taxonomy":"category","embeddable":true,"href":"https:\/\/angelneri.com\/new\/wp-json\/wp\/v2\/categories?post=22076"},{"taxonomy":"post_tag","embeddable":true,"href":"https:\/\/angelneri.com\/new\/wp-json\/wp\/v2\/tags?post=22076"}],"curies":[{"name":"wp","href":"https:\/\/api.w.org\/{rel}","templated":true}]}}