{"id":22104,"date":"2026-05-03T08:04:29","date_gmt":"2026-05-03T14:04:29","guid":{"rendered":"https:\/\/angelneri.com\/new\/?p=22104"},"modified":"2026-05-03T08:04:29","modified_gmt":"2026-05-03T14:04:29","slug":"dispararon-78-veces-contra-casas-de-gran-morelos-fge-investiga","status":"publish","type":"post","link":"https:\/\/angelneri.com\/new\/2026\/05\/03\/dispararon-78-veces-contra-casas-de-gran-morelos-fge-investiga\/","title":{"rendered":"Dispararon 78 veces contra casas de Gran Morelos; FGE investiga"},"content":{"rendered":"<p>Este s\u00e1bado a las 15:00 horas, se reportaron da\u00f1os en casas de los poblados de Carretas y La Paz, municipio de Gran Morelos, mismos que fueron generados con fusiles de grueso calibre.<\/p>\n<p>Ante los reportes, elementos de la Agencia Estatal de Investigaci\u00f3n en Santa Isabel, adscritos a la Fiscal\u00eda Zona Centro, se desplazaron a ambos inmuebles. En el primero, en el poblado de Carretas, observaron una casa deshabitada de fachada color gris con varios orificios originados por disparos. Peritos aseguraron 39 casquillos percutidos calibre .223.<\/p>\n<p>En cuanto al segundo domicilio en La Paz, frente a la plaza, observaron una casa en color amarillo tambi\u00e9n con da\u00f1os en la pared, asegurando el mismo n\u00famero de casquillos del mismo calibre. La propietaria manifest\u00f3 que fue alertada por sus vecinos de lo ocurrido con su casa.<\/p>\n<p>Los presuntos responsables de los da\u00f1os se desplazaban a bordo de una camioneta Tahoe de color negro y un auto guinda.<\/p>\n<p>Autoridades de la Fiscal\u00eda Zona Centro integrar\u00e1n las carpetas para iniciar con las investigaciones correspondientes a estas agresiones armadas.<\/p>\n","protected":false},"excerpt":{"rendered":"<p>Este s\u00e1bado a las 15:00 horas, se reportaron da\u00f1os en casas de los poblados de Carretas y La Paz, municipio de Gran Morelos, mismos que fueron generados con fusiles de grueso calibre. Ante los reportes, elementos de la Agencia Estatal de Investigaci\u00f3n en Santa Isabel, adscritos a la Fiscal\u00eda Zona Centro, se desplazaron a ambos [&hellip;]<\/p>\n","protected":false},"author":6,"featured_media":22105,"comment_status":"open","ping_status":"open","sticky":false,"template":"","format":"standard","meta":{"_jetpack_memberships_contains_paid_content":false,"footnotes":"","jetpack_publicize_message":"","jetpack_publicize_feature_enabled":true,"jetpack_social_post_already_shared":true,"jetpack_social_options":{"image_generator_settings":{"template":"highway","default_image_id":0,"font":"","enabled":false},"version":2}},"categories":[17],"tags":[],"class_list":{"0":"post-22104","1":"post","2":"type-post","3":"status-publish","4":"format-standard","5":"has-post-thumbnail","7":"category-estado"},"aioseo_notices":[],"jetpack_publicize_connections":[],"jetpack_featured_media_url":"https:\/\/angelneri.com\/new\/wp-content\/uploads\/2026\/05\/IMG_0902.jpeg","jetpack_sharing_enabled":true,"_links":{"self":[{"href":"https:\/\/angelneri.com\/new\/wp-json\/wp\/v2\/posts\/22104","targetHints":{"allow":["GET"]}}],"collection":[{"href":"https:\/\/angelneri.com\/new\/wp-json\/wp\/v2\/posts"}],"about":[{"href":"https:\/\/angelneri.com\/new\/wp-json\/wp\/v2\/types\/post"}],"author":[{"embeddable":true,"href":"https:\/\/angelneri.com\/new\/wp-json\/wp\/v2\/users\/6"}],"replies":[{"embeddable":true,"href":"https:\/\/angelneri.com\/new\/wp-json\/wp\/v2\/comments?post=22104"}],"version-history":[{"count":1,"href":"https:\/\/angelneri.com\/new\/wp-json\/wp\/v2\/posts\/22104\/revisions"}],"predecessor-version":[{"id":22106,"href":"https:\/\/angelneri.com\/new\/wp-json\/wp\/v2\/posts\/22104\/revisions\/22106"}],"wp:featuredmedia":[{"embeddable":true,"href":"https:\/\/angelneri.com\/new\/wp-json\/wp\/v2\/media\/22105"}],"wp:attachment":[{"href":"https:\/\/angelneri.com\/new\/wp-json\/wp\/v2\/media?parent=22104"}],"wp:term":[{"taxonomy":"category","embeddable":true,"href":"https:\/\/angelneri.com\/new\/wp-json\/wp\/v2\/categories?post=22104"},{"taxonomy":"post_tag","embeddable":true,"href":"https:\/\/angelneri.com\/new\/wp-json\/wp\/v2\/tags?post=22104"}],"curies":[{"name":"wp","href":"https:\/\/api.w.org\/{rel}","templated":true}]}}