{"id":31830,"date":"2026-08-31T10:26:17","date_gmt":"2026-08-31T16:26:17","guid":{"rendered":"https:\/\/angelneri.com\/new\/?p=31830"},"modified":"2026-08-31T10:26:17","modified_gmt":"2026-08-31T16:26:17","slug":"alcanzo-huracan-karina-la-categoria-4-en-el-oceano-pacifico","status":"publish","type":"post","link":"https:\/\/angelneri.com\/new\/2026\/08\/31\/alcanzo-huracan-karina-la-categoria-4-en-el-oceano-pacifico\/","title":{"rendered":"Alcanz\u00f3 hurac\u00e1n &#8216;Karina&#8217; la categor\u00eda 4 en el Oc\u00e9ano Pac\u00edfico"},"content":{"rendered":"<p>El hurac\u00e1n \u00abKarina\u00bb se fortaleci\u00f3 durante la madrugada de este lunes al punto de alcanzar la categor\u00eda 4. Esto ocurre en el Oc\u00e9ano Pac\u00edfico a m\u00e1s de 1,500 kil\u00f3metros de M\u00e9xico, por lo que no tiene impacto.<\/p>\n<p>Para las 3:00 a.m., el centro de Karina se localizaba a 1,640 kil\u00f3metros al este-suroeste de Cabo San Lucas, Baja California Sur.<\/p>\n<p>En ese momento presentaba vientos m\u00e1ximos sostenidos de 230 km\/h con rachas de 280 km\/h, a la vez que se desplazaba al oeste a 15 km\/h.<\/p>\n<p>\u00abDebido a su distancia y trayectoria, no representa peligro para M\u00e9xico\u00bb, apunt\u00f3 la Comisi\u00f3n Nacional del Agua.<\/p>\n<p>Seg\u00fan el pron\u00f3stico de trayectoria, el hurac\u00e1n avanzar\u00eda por el Pac\u00edfico mientras pierde fuerza en los pr\u00f3ximos d\u00edas, aunque s\u00f3lo muestra hasta que se degradar\u00eda a hurac\u00e1n de categor\u00eda 1.<\/p>\n","protected":false},"excerpt":{"rendered":"<p>El hurac\u00e1n \u00abKarina\u00bb se fortaleci\u00f3 durante la madrugada de este lunes al punto de alcanzar la categor\u00eda 4. Esto ocurre en el Oc\u00e9ano Pac\u00edfico a m\u00e1s de 1,500 kil\u00f3metros de M\u00e9xico, por lo que no tiene impacto. Para las 3:00 a.m., el centro de Karina se localizaba a 1,640 kil\u00f3metros al este-suroeste de Cabo San [&hellip;]<\/p>\n","protected":false},"author":6,"featured_media":31831,"comment_status":"open","ping_status":"open","sticky":false,"template":"","format":"standard","meta":{"_jetpack_memberships_contains_paid_content":false,"footnotes":"","jetpack_publicize_message":"","jetpack_publicize_feature_enabled":true,"jetpack_social_post_already_shared":true,"jetpack_social_options":{"image_generator_settings":{"template":"highway","default_image_id":0,"font":"","enabled":false},"version":2}},"categories":[18],"tags":[],"class_list":["post-31830","post","type-post","status-publish","format-standard","has-post-thumbnail","category-nacional"],"aioseo_notices":[],"jetpack_publicize_connections":[],"jetpack_featured_media_url":"https:\/\/angelneri.com\/new\/wp-content\/uploads\/2026\/08\/principal_karina.jpg","jetpack_sharing_enabled":true,"_links":{"self":[{"href":"https:\/\/angelneri.com\/new\/wp-json\/wp\/v2\/posts\/31830","targetHints":{"allow":["GET"]}}],"collection":[{"href":"https:\/\/angelneri.com\/new\/wp-json\/wp\/v2\/posts"}],"about":[{"href":"https:\/\/angelneri.com\/new\/wp-json\/wp\/v2\/types\/post"}],"author":[{"embeddable":true,"href":"https:\/\/angelneri.com\/new\/wp-json\/wp\/v2\/users\/6"}],"replies":[{"embeddable":true,"href":"https:\/\/angelneri.com\/new\/wp-json\/wp\/v2\/comments?post=31830"}],"version-history":[{"count":1,"href":"https:\/\/angelneri.com\/new\/wp-json\/wp\/v2\/posts\/31830\/revisions"}],"predecessor-version":[{"id":31832,"href":"https:\/\/angelneri.com\/new\/wp-json\/wp\/v2\/posts\/31830\/revisions\/31832"}],"wp:featuredmedia":[{"embeddable":true,"href":"https:\/\/angelneri.com\/new\/wp-json\/wp\/v2\/media\/31831"}],"wp:attachment":[{"href":"https:\/\/angelneri.com\/new\/wp-json\/wp\/v2\/media?parent=31830"}],"wp:term":[{"taxonomy":"category","embeddable":true,"href":"https:\/\/angelneri.com\/new\/wp-json\/wp\/v2\/categories?post=31830"},{"taxonomy":"post_tag","embeddable":true,"href":"https:\/\/angelneri.com\/new\/wp-json\/wp\/v2\/tags?post=31830"}],"curies":[{"name":"wp","href":"https:\/\/api.w.org\/{rel}","templated":true}]}}