{"id":31836,"date":"2026-08-31T10:29:56","date_gmt":"2026-08-31T16:29:56","guid":{"rendered":"https:\/\/angelneri.com\/new\/?p=31836"},"modified":"2026-08-31T10:29:56","modified_gmt":"2026-08-31T16:29:56","slug":"aseguran-arsenal-de-alto-poder-en-nuevo-leon","status":"publish","type":"post","link":"https:\/\/angelneri.com\/new\/2026\/08\/31\/aseguran-arsenal-de-alto-poder-en-nuevo-leon\/","title":{"rendered":"Aseguran arsenal de alto poder en Nuevo Le\u00f3n"},"content":{"rendered":"<p>Las autoridades federales revelaron la detenci\u00f3n de tres personas que transportaban desde Estados Unidos arsenal de alto poder destinado a grupos criminales en M\u00e9xico.<\/p>\n<p>El secretario de Seguridad y Protecci\u00f3n Ciudadana, Omar Garc\u00eda Harfuch, dijo que las detenciones ocurrieron en Sabinas Hidalgo, Nuevo Le\u00f3n, con el actuar coordinado de la Fiscal\u00eda General de la Rep\u00fablica, Sedena, Semar, la Guardia Nacional y la secretar\u00eda que encabeza \u00e9l.<\/p>\n<p>El operativo fue realizado sobre la carretera Nuevo Laredo-Monterrey y ah\u00ed aseguraron 210 armas de fuego (195 largas y 15 cortas), as\u00ed como 93 cargadores diversos. De los tres detenidos, dos son de nacionalidad estadounidense y el tercero, mexicano.<\/p>\n<p>\u00abEsta acci\u00f3n fue resultado de labores de inteligencia e investigaci\u00f3n para identificar y desarticular las rutas utilizadas para introducir ilegalmente armas a nuestro pa\u00eds\u00bb, apunt\u00f3 Garc\u00eda Harfuch.<\/p>\n<p>Asimismo, dos veh\u00edculos pick up Dodge y Ford, dos semirremolques fueron asegurados. Entre las armas largas hab\u00eda calibres 12 GA, 7.62&#215;39, .22, 5.56&#215;45 mm, 5.56 NATO, .243, .223, 20 GA y 410 GA. En las armas cortas lo calibres fueron 9 mm, 7.65 mm y .40.<\/p>\n<p>\u00abCon este aseguramiento suman m\u00e1s de 30 mil armas de fuego decomisadas durante el gobierno de la presidente Claudia Sheinbaum\u00bb, a\u00f1adi\u00f3 el secretario de Seguridad.<\/p>\n","protected":false},"excerpt":{"rendered":"<p>Las autoridades federales revelaron la detenci\u00f3n de tres personas que transportaban desde Estados Unidos arsenal de alto poder destinado a grupos criminales en M\u00e9xico. El secretario de Seguridad y Protecci\u00f3n Ciudadana, Omar Garc\u00eda Harfuch, dijo que las detenciones ocurrieron en Sabinas Hidalgo, Nuevo Le\u00f3n, con el actuar coordinado de la Fiscal\u00eda General de la Rep\u00fablica, [&hellip;]<\/p>\n","protected":false},"author":6,"featured_media":31837,"comment_status":"open","ping_status":"open","sticky":false,"template":"","format":"standard","meta":{"_jetpack_memberships_contains_paid_content":false,"footnotes":"","jetpack_publicize_message":"","jetpack_publicize_feature_enabled":true,"jetpack_social_post_already_shared":true,"jetpack_social_options":{"image_generator_settings":{"template":"highway","default_image_id":0,"font":"","enabled":false},"version":2}},"categories":[18],"tags":[],"class_list":["post-31836","post","type-post","status-publish","format-standard","has-post-thumbnail","category-nacional"],"aioseo_notices":[],"jetpack_publicize_connections":[],"jetpack_featured_media_url":"https:\/\/angelneri.com\/new\/wp-content\/uploads\/2026\/08\/principal_arsenal.jpg","jetpack_sharing_enabled":true,"_links":{"self":[{"href":"https:\/\/angelneri.com\/new\/wp-json\/wp\/v2\/posts\/31836","targetHints":{"allow":["GET"]}}],"collection":[{"href":"https:\/\/angelneri.com\/new\/wp-json\/wp\/v2\/posts"}],"about":[{"href":"https:\/\/angelneri.com\/new\/wp-json\/wp\/v2\/types\/post"}],"author":[{"embeddable":true,"href":"https:\/\/angelneri.com\/new\/wp-json\/wp\/v2\/users\/6"}],"replies":[{"embeddable":true,"href":"https:\/\/angelneri.com\/new\/wp-json\/wp\/v2\/comments?post=31836"}],"version-history":[{"count":1,"href":"https:\/\/angelneri.com\/new\/wp-json\/wp\/v2\/posts\/31836\/revisions"}],"predecessor-version":[{"id":31838,"href":"https:\/\/angelneri.com\/new\/wp-json\/wp\/v2\/posts\/31836\/revisions\/31838"}],"wp:featuredmedia":[{"embeddable":true,"href":"https:\/\/angelneri.com\/new\/wp-json\/wp\/v2\/media\/31837"}],"wp:attachment":[{"href":"https:\/\/angelneri.com\/new\/wp-json\/wp\/v2\/media?parent=31836"}],"wp:term":[{"taxonomy":"category","embeddable":true,"href":"https:\/\/angelneri.com\/new\/wp-json\/wp\/v2\/categories?post=31836"},{"taxonomy":"post_tag","embeddable":true,"href":"https:\/\/angelneri.com\/new\/wp-json\/wp\/v2\/tags?post=31836"}],"curies":[{"name":"wp","href":"https:\/\/api.w.org\/{rel}","templated":true}]}}