{"id":31845,"date":"2026-08-31T10:49:36","date_gmt":"2026-08-31T16:49:36","guid":{"rendered":"https:\/\/angelneri.com\/new\/?p=31845"},"modified":"2026-08-31T10:49:36","modified_gmt":"2026-08-31T16:49:36","slug":"anuncio-lionel-messi-su-retiro-de-la-seleccion-argentina","status":"publish","type":"post","link":"https:\/\/angelneri.com\/new\/2026\/08\/31\/anuncio-lionel-messi-su-retiro-de-la-seleccion-argentina\/","title":{"rendered":"Anunci\u00f3 Lionel Messi su retiro de la Selecci\u00f3n Argentina"},"content":{"rendered":"<p>Lionel Messi anunci\u00f3 este lunes su retiro de la Selecci\u00f3n Argentina, despu\u00e9s de m\u00e1s de 20 a\u00f1os como jugador de la Albiceleste.<\/p>\n<p>El argentino, de 39 a\u00f1os, dio a conocer la decisi\u00f3n a trav\u00e9s de una carta publicada en sus redes sociales, donde explic\u00f3 que despu\u00e9s de pensar lo ocurrido tras el Mundial 2026 entendi\u00f3 que era momento de cerrar su etapa con la selecci\u00f3n.<\/p>\n<p>El capit\u00e1n reconoci\u00f3 que tomar la decisi\u00f3n no fue sencillo y asegur\u00f3 que le duele dejar al equipo que defendi\u00f3 durante gran parte de su carrera.<\/p>\n<p>\u201cFue una decisi\u00f3n que doli\u00f3 y duele en el alma, pero entiendo que es el momento\u201d, expres\u00f3.<\/p>\n<p>Messi se despide despu\u00e9s del Mundial 2026<br \/>\nEl anuncio lleg\u00f3 poco m\u00e1s de un mes despu\u00e9s de que Argentina perdiera 1-0 ante Espa\u00f1a en la final del Mundial 2026.<\/p>\n<p>Despu\u00e9s de ese partido, Messi ya hab\u00eda se\u00f1alado que no volver\u00eda a disputar otra Copa del Mundo. Sin embargo, todav\u00eda no hab\u00eda confirmado cu\u00e1ndo dejar\u00eda definitivamente la selecci\u00f3n.<\/p>\n<p>Una historia que comenz\u00f3 en 2005<br \/>\nMessi debut\u00f3 con la Selecci\u00f3n Argentina en 2005, cuando ten\u00eda apenas 18 a\u00f1os. Durante su trayectoria vivi\u00f3 momentos complicados, incluidas varias finales perdidas y fuertes cr\u00edticas por sus actuaciones con el equipo nacional.<\/p>\n<p>En 2016 incluso anunci\u00f3 su retiro despu\u00e9s de perder la final de la Copa Am\u00e9rica Centenario ante Chile. Sin embargo, reconsider\u00f3 su decisi\u00f3n y regres\u00f3 semanas despu\u00e9s.<\/p>\n<p>A partir de 2021 comenz\u00f3 la etapa m\u00e1s exitosa de Messi con Argentina.<\/p>\n<p>Messi lo gan\u00f3 todo con Argentina<br \/>\nEl primer gran t\u00edtulo lleg\u00f3 en la Copa Am\u00e9rica 2021. Despu\u00e9s conquist\u00f3 la Finalissima y, en 2022, levant\u00f3 la Copa del Mundo en Qatar.<\/p>\n<p>Messi tambi\u00e9n consigui\u00f3 nuevamente la Copa Am\u00e9rica y lleg\u00f3 a otra final mundialista en 2026.<\/p>\n<p>Aunque Argentina no pudo conquistar el t\u00edtulo tras perder ante Espa\u00f1a, Messi cerr\u00f3 su etapa internacional despu\u00e9s de haber conseguido los principales trofeos con la Albiceleste.<\/p>\n<p>Con su decisi\u00f3n, el hist\u00f3rico n\u00famero 10 pone fin a una carrera de m\u00e1s de dos d\u00e9cadas con Argentina y deja atr\u00e1s una de las etapas m\u00e1s importantes en la historia de la selecci\u00f3n.<\/p>\n","protected":false},"excerpt":{"rendered":"<p>Lionel Messi anunci\u00f3 este lunes su retiro de la Selecci\u00f3n Argentina, despu\u00e9s de m\u00e1s de 20 a\u00f1os como jugador de la Albiceleste. El argentino, de 39 a\u00f1os, dio a conocer la decisi\u00f3n a trav\u00e9s de una carta publicada en sus redes sociales, donde explic\u00f3 que despu\u00e9s de pensar lo ocurrido tras el Mundial 2026 entendi\u00f3 [&hellip;]<\/p>\n","protected":false},"author":6,"featured_media":31846,"comment_status":"open","ping_status":"open","sticky":false,"template":"","format":"standard","meta":{"_jetpack_memberships_contains_paid_content":false,"footnotes":"","jetpack_publicize_message":"","jetpack_publicize_feature_enabled":true,"jetpack_social_post_already_shared":true,"jetpack_social_options":{"image_generator_settings":{"template":"highway","default_image_id":0,"font":"","enabled":false},"version":2}},"categories":[186],"tags":[],"class_list":["post-31845","post","type-post","status-publish","format-standard","has-post-thumbnail","category-internacional"],"aioseo_notices":[],"jetpack_publicize_connections":[],"jetpack_featured_media_url":"https:\/\/angelneri.com\/new\/wp-content\/uploads\/2026\/08\/principal_anuncio-lionel-messi-su-retiro-de-la-seleccion-argentina.jpg","jetpack_sharing_enabled":true,"_links":{"self":[{"href":"https:\/\/angelneri.com\/new\/wp-json\/wp\/v2\/posts\/31845","targetHints":{"allow":["GET"]}}],"collection":[{"href":"https:\/\/angelneri.com\/new\/wp-json\/wp\/v2\/posts"}],"about":[{"href":"https:\/\/angelneri.com\/new\/wp-json\/wp\/v2\/types\/post"}],"author":[{"embeddable":true,"href":"https:\/\/angelneri.com\/new\/wp-json\/wp\/v2\/users\/6"}],"replies":[{"embeddable":true,"href":"https:\/\/angelneri.com\/new\/wp-json\/wp\/v2\/comments?post=31845"}],"version-history":[{"count":1,"href":"https:\/\/angelneri.com\/new\/wp-json\/wp\/v2\/posts\/31845\/revisions"}],"predecessor-version":[{"id":31847,"href":"https:\/\/angelneri.com\/new\/wp-json\/wp\/v2\/posts\/31845\/revisions\/31847"}],"wp:featuredmedia":[{"embeddable":true,"href":"https:\/\/angelneri.com\/new\/wp-json\/wp\/v2\/media\/31846"}],"wp:attachment":[{"href":"https:\/\/angelneri.com\/new\/wp-json\/wp\/v2\/media?parent=31845"}],"wp:term":[{"taxonomy":"category","embeddable":true,"href":"https:\/\/angelneri.com\/new\/wp-json\/wp\/v2\/categories?post=31845"},{"taxonomy":"post_tag","embeddable":true,"href":"https:\/\/angelneri.com\/new\/wp-json\/wp\/v2\/tags?post=31845"}],"curies":[{"name":"wp","href":"https:\/\/api.w.org\/{rel}","templated":true}]}}