{"id":31870,"date":"2026-08-31T14:15:22","date_gmt":"2026-08-31T20:15:22","guid":{"rendered":"https:\/\/angelneri.com\/new\/?p=31870"},"modified":"2026-08-31T14:15:22","modified_gmt":"2026-08-31T20:15:22","slug":"halla-personal-de-cfe-a-maniatado","status":"publish","type":"post","link":"https:\/\/angelneri.com\/new\/2026\/08\/31\/halla-personal-de-cfe-a-maniatado\/","title":{"rendered":"Halla personal de CFE a maniatado"},"content":{"rendered":"<p>Personal de la CFE hall\u00f3 el cuerpo maniatado de un hombre en descomposici\u00f3n junto a un poste en el Ejido Labor Terrazas; autoridades acordonaron la zona y esperaban a fiscal\u00eda y Semefo.<\/p>\n<p>Personal de la Comisi\u00f3n Federal de Electricidad encontr\u00f3 el cuerpo de un hombre con las manos atadas en el Ejido Labor Terrazas. El hallazgo ocurri\u00f3 cuando los trabajadores realizaron reparaciones en un poste ubicado en el cruce de la calle acceso a Labor Terrazas y un camino de terracer\u00eda.<\/p>\n<p>Al subir a la parte superior del poste, los empleados localizaron el cuerpo. El hombre vest\u00eda playera azul, pantal\u00f3n de mezclilla y calcetas negras; de inmediato, los trabajadores reportaron el hallazgo a las autoridades municipales y estatales para su atenci\u00f3n.<\/p>\n<p>Polic\u00eda del Estado acudi\u00f3 como primer respondiente y acordon\u00f3 ampliamente la zona. Los agentes mantuvieron el per\u00edmetro mientras esperaban el arribo de personal de la Fiscal\u00eda, del \u00e1rea de criminal\u00edstica y del Servicio M\u00e9dico Forense para realizar las diligencias correspondientes en el lugar.<\/p>\n<p>De manera preliminar se indic\u00f3 que el cuerpo present\u00f3 estado de descomposici\u00f3n y que ten\u00eda las manos atadas. Seg\u00fan la estimaci\u00f3n inicial, el cad\u00e1ver habr\u00eda permanecido en el lugar aproximadamente cinco d\u00edas, aunque la determinaci\u00f3n formal correspondi\u00f3 al peritaje forense.<\/p>\n<p>TIEMPO.COM.MX<\/p>\n","protected":false},"excerpt":{"rendered":"<p>Personal de la CFE hall\u00f3 el cuerpo maniatado de un hombre en descomposici\u00f3n junto a un poste en el Ejido Labor Terrazas; autoridades acordonaron la zona y esperaban a fiscal\u00eda y Semefo. Personal de la Comisi\u00f3n Federal de Electricidad encontr\u00f3 el cuerpo de un hombre con las manos atadas en el Ejido Labor Terrazas. El [&hellip;]<\/p>\n","protected":false},"author":6,"featured_media":31871,"comment_status":"open","ping_status":"open","sticky":false,"template":"","format":"standard","meta":{"_jetpack_memberships_contains_paid_content":false,"footnotes":"","jetpack_publicize_message":"","jetpack_publicize_feature_enabled":true,"jetpack_social_post_already_shared":true,"jetpack_social_options":{"image_generator_settings":{"template":"highway","default_image_id":0,"font":"","enabled":false},"version":2}},"categories":[17],"tags":[],"class_list":["post-31870","post","type-post","status-publish","format-standard","has-post-thumbnail","category-estado"],"aioseo_notices":[],"jetpack_publicize_connections":[],"jetpack_featured_media_url":"https:\/\/angelneri.com\/new\/wp-content\/uploads\/2026\/08\/principal_inshot_20260831_134551746.jpg","jetpack_sharing_enabled":true,"_links":{"self":[{"href":"https:\/\/angelneri.com\/new\/wp-json\/wp\/v2\/posts\/31870","targetHints":{"allow":["GET"]}}],"collection":[{"href":"https:\/\/angelneri.com\/new\/wp-json\/wp\/v2\/posts"}],"about":[{"href":"https:\/\/angelneri.com\/new\/wp-json\/wp\/v2\/types\/post"}],"author":[{"embeddable":true,"href":"https:\/\/angelneri.com\/new\/wp-json\/wp\/v2\/users\/6"}],"replies":[{"embeddable":true,"href":"https:\/\/angelneri.com\/new\/wp-json\/wp\/v2\/comments?post=31870"}],"version-history":[{"count":1,"href":"https:\/\/angelneri.com\/new\/wp-json\/wp\/v2\/posts\/31870\/revisions"}],"predecessor-version":[{"id":31872,"href":"https:\/\/angelneri.com\/new\/wp-json\/wp\/v2\/posts\/31870\/revisions\/31872"}],"wp:featuredmedia":[{"embeddable":true,"href":"https:\/\/angelneri.com\/new\/wp-json\/wp\/v2\/media\/31871"}],"wp:attachment":[{"href":"https:\/\/angelneri.com\/new\/wp-json\/wp\/v2\/media?parent=31870"}],"wp:term":[{"taxonomy":"category","embeddable":true,"href":"https:\/\/angelneri.com\/new\/wp-json\/wp\/v2\/categories?post=31870"},{"taxonomy":"post_tag","embeddable":true,"href":"https:\/\/angelneri.com\/new\/wp-json\/wp\/v2\/tags?post=31870"}],"curies":[{"name":"wp","href":"https:\/\/api.w.org\/{rel}","templated":true}]}}