{"id":31897,"date":"2026-08-31T15:57:51","date_gmt":"2026-08-31T21:57:51","guid":{"rendered":"https:\/\/angelneri.com\/new\/?p=31897"},"modified":"2026-08-31T15:57:51","modified_gmt":"2026-08-31T21:57:51","slug":"fortalece-miriam-soto-seguridad-de-meoqui-con-inversion-historica-en-equipamiento","status":"publish","type":"post","link":"https:\/\/angelneri.com\/new\/2026\/08\/31\/fortalece-miriam-soto-seguridad-de-meoqui-con-inversion-historica-en-equipamiento\/","title":{"rendered":"Fortalece Miriam Soto seguridad de Meoqui con inversi\u00f3n hist\u00f3rica en equipamiento"},"content":{"rendered":"<p>La seguridad de las familias meoquenses ha sido una de las principales prioridades durante la administraci\u00f3n encabezada por la Arq. Miriam Soto, por lo que a lo largo de estos cinco a\u00f1os se ha impulsado una estrategia integral para fortalecer a las corporaciones de seguridad p\u00fablica y mejorar su capacidad de respuesta ante cualquier emergencia, gracias a la creaci\u00f3n del Subcentro Centinela, capacitaciones, m\u00e1s y mejores unidades.<\/p>\n<p>Uno de los principales avances ha sido la creaci\u00f3n del Subcentro Centinela, en coordinaci\u00f3n con el Gobierno del Estado. Este proyecto represent\u00f3 una inversi\u00f3n superior a los 5.5 millones de pesos y represent\u00f3 una inversi\u00f3n superior a los 5.5 millones de pesos y que permite dotar a los elementos de seguridad de mayores herramientas tecnol\u00f3gicas para la prevenci\u00f3n del delito, la investigaci\u00f3n policial y la atenci\u00f3n inmediata de emergencias. A trav\u00e9s del uso coordinado de tecnolog\u00eda avanzada e inteligencia artificial, el Subcentro Centinela fortalece la capacidad operativa de las corporaciones y permite una mayor coordinaci\u00f3n para brindar atenci\u00f3n oportuna a las situaciones que se presentan en el municipio.<\/p>\n<p>Gracias a la coordinaci\u00f3n con el Gobierno del Estado, se han llevado a cabo grandes inversiones en materia de movilidad. Durante estos cinco a\u00f1os, el municipio ha adquirido 31 nuevas unidades, de las cuales 20 han sido adquiridas por el municipio, mientras que el Gobierno del Estado ha contribuido con la donaci\u00f3n de 11 veh\u00edculos, para fortalecer los recorridos de vigilancia y mejorar los tiempos de respuesta ante emergencias. De igual forma, se ha garantizado la entrega de uniformes completos dos veces al a\u00f1o para los elementos de Polic\u00eda Municipal, Vialidad, Bomberos y Protecci\u00f3n Civil. Estos paquetes incluyen pantal\u00f3n, camisola, playera tipo polo, botas, cinto y gorra, adem\u00e1s de equipamiento especializado como fornituras, chalecos, esposas, linternas, cascos bal\u00edsticos, c\u00e1maras de solapa y guantes.<\/p>\n<p>&nbsp;<\/p>\n<p>Como parte del fortalecimiento de las comunicaciones, se realiz\u00f3 una inversi\u00f3n de 100 mil pesos para la adquisici\u00f3n de una antena y repetidor destinados a la comandancia del seccional de L\u00e1zaro C\u00e1rdenas. Esta infraestructura permite contar con una comunicaci\u00f3n inmediata, aut\u00f3noma y segura, incluso ante posibles fallas en la red celular o interrupciones de energ\u00eda, facilitando la coordinaci\u00f3n de los elementos durante los operativos. A esto se suma la adquisici\u00f3n de m\u00e1s de 100 radios port\u00e1tiles, herramienta que permite mantener una comunicaci\u00f3n constante entre los elementos y mejorar la coordinaci\u00f3n de las acciones de seguridad en el municipio.<\/p>\n<p>Meoqui forma parte de las 15 polic\u00edas municipales a nivel nacional que cuentan con la certificaci\u00f3n CERTIPOL (Certificaci\u00f3n Policial Ciudadana), reconocimiento que avala la implementaci\u00f3n de mejores pr\u00e1cticas y procesos orientados a fortalecer el desempe\u00f1o policial y la atenci\u00f3n a la ciudadan\u00eda. Gracias a que durante estos 5 a\u00f1os se han impulsado de manera permanente capacitaciones y certificaciones para fortalecer las aptitudes de los elementos.<\/p>\n","protected":false},"excerpt":{"rendered":"<p>La seguridad de las familias meoquenses ha sido una de las principales prioridades durante la administraci\u00f3n encabezada por la Arq. Miriam Soto, por lo que a lo largo de estos cinco a\u00f1os se ha impulsado una estrategia integral para fortalecer a las corporaciones de seguridad p\u00fablica y mejorar su capacidad de respuesta ante cualquier emergencia, [&hellip;]<\/p>\n","protected":false},"author":6,"featured_media":31898,"comment_status":"open","ping_status":"open","sticky":false,"template":"","format":"standard","meta":{"_jetpack_memberships_contains_paid_content":false,"footnotes":"","jetpack_publicize_message":"","jetpack_publicize_feature_enabled":true,"jetpack_social_post_already_shared":true,"jetpack_social_options":{"image_generator_settings":{"template":"highway","default_image_id":0,"font":"","enabled":false},"version":2}},"categories":[70],"tags":[],"class_list":["post-31897","post","type-post","status-publish","format-standard","has-post-thumbnail","category-local"],"aioseo_notices":[],"jetpack_publicize_connections":[],"jetpack_featured_media_url":"https:\/\/angelneri.com\/new\/wp-content\/uploads\/2026\/08\/44e0bc1d-717e-4160-ac80-e83d4298a128.jpg","jetpack_sharing_enabled":true,"_links":{"self":[{"href":"https:\/\/angelneri.com\/new\/wp-json\/wp\/v2\/posts\/31897","targetHints":{"allow":["GET"]}}],"collection":[{"href":"https:\/\/angelneri.com\/new\/wp-json\/wp\/v2\/posts"}],"about":[{"href":"https:\/\/angelneri.com\/new\/wp-json\/wp\/v2\/types\/post"}],"author":[{"embeddable":true,"href":"https:\/\/angelneri.com\/new\/wp-json\/wp\/v2\/users\/6"}],"replies":[{"embeddable":true,"href":"https:\/\/angelneri.com\/new\/wp-json\/wp\/v2\/comments?post=31897"}],"version-history":[{"count":1,"href":"https:\/\/angelneri.com\/new\/wp-json\/wp\/v2\/posts\/31897\/revisions"}],"predecessor-version":[{"id":31899,"href":"https:\/\/angelneri.com\/new\/wp-json\/wp\/v2\/posts\/31897\/revisions\/31899"}],"wp:featuredmedia":[{"embeddable":true,"href":"https:\/\/angelneri.com\/new\/wp-json\/wp\/v2\/media\/31898"}],"wp:attachment":[{"href":"https:\/\/angelneri.com\/new\/wp-json\/wp\/v2\/media?parent=31897"}],"wp:term":[{"taxonomy":"category","embeddable":true,"href":"https:\/\/angelneri.com\/new\/wp-json\/wp\/v2\/categories?post=31897"},{"taxonomy":"post_tag","embeddable":true,"href":"https:\/\/angelneri.com\/new\/wp-json\/wp\/v2\/tags?post=31897"}],"curies":[{"name":"wp","href":"https:\/\/api.w.org\/{rel}","templated":true}]}}