{"id":31913,"date":"2026-09-01T09:18:12","date_gmt":"2026-09-01T15:18:12","guid":{"rendered":"https:\/\/angelneri.com\/new\/?p=31913"},"modified":"2026-09-01T09:18:12","modified_gmt":"2026-09-01T15:18:12","slug":"consolida-jesus-valenciano-mejores-espacios-educativos","status":"publish","type":"post","link":"https:\/\/angelneri.com\/new\/2026\/09\/01\/consolida-jesus-valenciano-mejores-espacios-educativos\/","title":{"rendered":"Consolida Jes\u00fas Valenciano mejores espacios educativos"},"content":{"rendered":"<p>El Gobierno Municipal de Delicias, encabezado por Jes\u00fas Valenciano Garc\u00eda, ha mantenido como una de sus prioridades el mejoramiento de los espacios donde estudian ni\u00f1as, ni\u00f1os y j\u00f3venes. A trav\u00e9s de la Direcci\u00f3n de Desarrollo Humano y Bien Com\u00fan, se cre\u00f3 una cuadrilla especializada para atender de manera directa las necesidades de mantenimiento de los planteles educativos.<\/p>\n<p>Como resultado de esta estrategia, de 2021 a agosto de 2026 se ha beneficiado a 63 mil 451 estudiantes de diferentes niveles educativos, contribuyendo a que desarrollen sus actividades en instalaciones m\u00e1s dignas, funcionales y seguras.<\/p>\n<p>Los resultados reflejan una atenci\u00f3n permanente: durante 2021 se benefici\u00f3 a 9 mil 180 estudiantes; en 2022, a 10 mil 536; en 2023, a 17 mil 352; en 2024, a 5 mil 952; y en 2025, a 12 mil 21 alumnos. En lo que va de 2026, las acciones han alcanzado a otros 8 mil 410 estudiantes.<\/p>\n<p>Tan solo durante 2026, la cuadrilla municipal ha realizado trabajos en 23 jardines de ni\u00f1os, 16 escuelas primarias, tres secundarias y una preparatoria, ampliando la cobertura y atendiendo directamente las necesidades de cada comunidad escolar.<\/p>\n<p>Con estas acciones, la administraci\u00f3n de Jes\u00fas Valenciano Garc\u00eda refrenda su compromiso de trabajar en equipo con docentes, madres y padres de familia para fortalecer la educaci\u00f3n desde el \u00e1mbito municipal, mediante escuelas en mejores condiciones y entornos que favorezcan el aprendizaje.<\/p>\n","protected":false},"excerpt":{"rendered":"<p>El Gobierno Municipal de Delicias, encabezado por Jes\u00fas Valenciano Garc\u00eda, ha mantenido como una de sus prioridades el mejoramiento de los espacios donde estudian ni\u00f1as, ni\u00f1os y j\u00f3venes. A trav\u00e9s de la Direcci\u00f3n de Desarrollo Humano y Bien Com\u00fan, se cre\u00f3 una cuadrilla especializada para atender de manera directa las necesidades de mantenimiento de los [&hellip;]<\/p>\n","protected":false},"author":6,"featured_media":31914,"comment_status":"open","ping_status":"open","sticky":false,"template":"","format":"standard","meta":{"_jetpack_memberships_contains_paid_content":false,"footnotes":"","jetpack_publicize_message":"","jetpack_publicize_feature_enabled":true,"jetpack_social_post_already_shared":true,"jetpack_social_options":{"image_generator_settings":{"template":"highway","default_image_id":0,"font":"","enabled":false},"version":2}},"categories":[70],"tags":[],"class_list":["post-31913","post","type-post","status-publish","format-standard","has-post-thumbnail","category-local"],"aioseo_notices":[],"jetpack_publicize_connections":[],"jetpack_featured_media_url":"https:\/\/angelneri.com\/new\/wp-content\/uploads\/2026\/09\/3372b5fe-80ee-4c4d-95f4-65e15088bd05.jpg","jetpack_sharing_enabled":true,"_links":{"self":[{"href":"https:\/\/angelneri.com\/new\/wp-json\/wp\/v2\/posts\/31913","targetHints":{"allow":["GET"]}}],"collection":[{"href":"https:\/\/angelneri.com\/new\/wp-json\/wp\/v2\/posts"}],"about":[{"href":"https:\/\/angelneri.com\/new\/wp-json\/wp\/v2\/types\/post"}],"author":[{"embeddable":true,"href":"https:\/\/angelneri.com\/new\/wp-json\/wp\/v2\/users\/6"}],"replies":[{"embeddable":true,"href":"https:\/\/angelneri.com\/new\/wp-json\/wp\/v2\/comments?post=31913"}],"version-history":[{"count":1,"href":"https:\/\/angelneri.com\/new\/wp-json\/wp\/v2\/posts\/31913\/revisions"}],"predecessor-version":[{"id":31915,"href":"https:\/\/angelneri.com\/new\/wp-json\/wp\/v2\/posts\/31913\/revisions\/31915"}],"wp:featuredmedia":[{"embeddable":true,"href":"https:\/\/angelneri.com\/new\/wp-json\/wp\/v2\/media\/31914"}],"wp:attachment":[{"href":"https:\/\/angelneri.com\/new\/wp-json\/wp\/v2\/media?parent=31913"}],"wp:term":[{"taxonomy":"category","embeddable":true,"href":"https:\/\/angelneri.com\/new\/wp-json\/wp\/v2\/categories?post=31913"},{"taxonomy":"post_tag","embeddable":true,"href":"https:\/\/angelneri.com\/new\/wp-json\/wp\/v2\/tags?post=31913"}],"curies":[{"name":"wp","href":"https:\/\/api.w.org\/{rel}","templated":true}]}}