{"id":31925,"date":"2026-09-01T09:52:27","date_gmt":"2026-09-01T15:52:27","guid":{"rendered":"https:\/\/angelneri.com\/new\/?p=31925"},"modified":"2026-09-01T09:52:27","modified_gmt":"2026-09-01T15:52:27","slug":"continuan-tomadas-las-instalaciones-de-educacion","status":"publish","type":"post","link":"https:\/\/angelneri.com\/new\/2026\/09\/01\/continuan-tomadas-las-instalaciones-de-educacion\/","title":{"rendered":"Contin\u00faan tomadas las instalaciones de Educaci\u00f3n"},"content":{"rendered":"<p>Maestras egresadas de escuelas Normales de Chihuahua continuaron una manifestaci\u00f3n en las instalaciones de la Secretar\u00eda de Educaci\u00f3n y Deporte. Exigieron transparencia en la asignaci\u00f3n de plazas.<\/p>\n<p>Fundamentalmente, externaron que la asignaci\u00f3n de las plazas se ofrecen de manera temporal, cuando muchas de ellas podr\u00edan darse de manera permanente.<\/p>\n<p>Hugo Guti\u00e9rrez D\u00e1vila, secretario de Educaci\u00f3n, manifest\u00f3 que la inconformidad de las docentes se relaciona con la oferta de plazas vacantes, pues las manifestantes demandan que los espacios disponibles sean otorgados como definitivos, mientras que la autoridad se\u00f1ala que, en esta primera etapa de admisi\u00f3n, la mayor\u00eda de las plazas tienen car\u00e1cter temporal debido a las necesidades actuales del servicio educativo.<\/p>\n<p>De acuerdo con el funcionario, en esta etapa se registraron alrededor de 5 mil 200 solicitudes y la disponibilidad de espacios responde a la matr\u00edcula escolar vigente.<\/p>\n<p>La ma\u00f1ana de este martes 1 de septiembre, las docentes continuaron instaladas al exterior del edificio H\u00e9roes de la Revoluci\u00f3n, a la espera de poder entregar una documento con las exigencias correspondientes al secretario Guti\u00e9rrez D\u00e1vila.<\/p>\n","protected":false},"excerpt":{"rendered":"<p>Maestras egresadas de escuelas Normales de Chihuahua continuaron una manifestaci\u00f3n en las instalaciones de la Secretar\u00eda de Educaci\u00f3n y Deporte. Exigieron transparencia en la asignaci\u00f3n de plazas. Fundamentalmente, externaron que la asignaci\u00f3n de las plazas se ofrecen de manera temporal, cuando muchas de ellas podr\u00edan darse de manera permanente. Hugo Guti\u00e9rrez D\u00e1vila, secretario de Educaci\u00f3n, [&hellip;]<\/p>\n","protected":false},"author":6,"featured_media":31926,"comment_status":"open","ping_status":"open","sticky":false,"template":"","format":"standard","meta":{"_jetpack_memberships_contains_paid_content":false,"footnotes":"","jetpack_publicize_message":"","jetpack_publicize_feature_enabled":true,"jetpack_social_post_already_shared":true,"jetpack_social_options":{"image_generator_settings":{"template":"highway","default_image_id":0,"font":"","enabled":false},"version":2}},"categories":[17],"tags":[],"class_list":["post-31925","post","type-post","status-publish","format-standard","has-post-thumbnail","category-estado"],"aioseo_notices":[],"jetpack_publicize_connections":[],"jetpack_featured_media_url":"https:\/\/angelneri.com\/new\/wp-content\/uploads\/2026\/09\/principal_img_6804.jpg","jetpack_sharing_enabled":true,"_links":{"self":[{"href":"https:\/\/angelneri.com\/new\/wp-json\/wp\/v2\/posts\/31925","targetHints":{"allow":["GET"]}}],"collection":[{"href":"https:\/\/angelneri.com\/new\/wp-json\/wp\/v2\/posts"}],"about":[{"href":"https:\/\/angelneri.com\/new\/wp-json\/wp\/v2\/types\/post"}],"author":[{"embeddable":true,"href":"https:\/\/angelneri.com\/new\/wp-json\/wp\/v2\/users\/6"}],"replies":[{"embeddable":true,"href":"https:\/\/angelneri.com\/new\/wp-json\/wp\/v2\/comments?post=31925"}],"version-history":[{"count":1,"href":"https:\/\/angelneri.com\/new\/wp-json\/wp\/v2\/posts\/31925\/revisions"}],"predecessor-version":[{"id":31927,"href":"https:\/\/angelneri.com\/new\/wp-json\/wp\/v2\/posts\/31925\/revisions\/31927"}],"wp:featuredmedia":[{"embeddable":true,"href":"https:\/\/angelneri.com\/new\/wp-json\/wp\/v2\/media\/31926"}],"wp:attachment":[{"href":"https:\/\/angelneri.com\/new\/wp-json\/wp\/v2\/media?parent=31925"}],"wp:term":[{"taxonomy":"category","embeddable":true,"href":"https:\/\/angelneri.com\/new\/wp-json\/wp\/v2\/categories?post=31925"},{"taxonomy":"post_tag","embeddable":true,"href":"https:\/\/angelneri.com\/new\/wp-json\/wp\/v2\/tags?post=31925"}],"curies":[{"name":"wp","href":"https:\/\/api.w.org\/{rel}","templated":true}]}}