{"id":31928,"date":"2026-09-01T10:00:52","date_gmt":"2026-09-01T16:00:52","guid":{"rendered":"https:\/\/angelneri.com\/new\/?p=31928"},"modified":"2026-09-01T10:00:52","modified_gmt":"2026-09-01T16:00:52","slug":"descarrilo-tren-maya-en-campeche-desalojaron-a-123-pasajeros","status":"publish","type":"post","link":"https:\/\/angelneri.com\/new\/2026\/09\/01\/descarrilo-tren-maya-en-campeche-desalojaron-a-123-pasajeros\/","title":{"rendered":"Descarril\u00f3 Tren Maya en Campeche; desalojaron a 123 pasajeros"},"content":{"rendered":"<p>Vag\u00f3n del Tren Maya sufri\u00f3 un descarrilamiento en la estaci\u00f3n San Francisco, en el estado de Campeche, por lo que el servicio fue suspendido y 123 pasajeros fueron desalojados.<\/p>\n<p>El percance ocurri\u00f3 50 metros de dejar la estaci\u00f3n San Francisco, cuando una rueda del \u00faltimo vag\u00f3n sali\u00f3 de los rieles, luego del descenso a las 4:00 p.m..<\/p>\n<p>El maquinista detuvo la marcha conforme a los procedimientos t\u00e9cnicos y no se reportaron personas lesionadas entre los 123 pasajeros.<\/p>\n<p>Los usuarios recibieron hidrataci\u00f3n y alimentaci\u00f3n y el traslado continu\u00f3 por v\u00eda terrestre hacia la estaci\u00f3n Edzn\u00e1, donde abordaron otro ferrocarril para seguir con el recorrido.<\/p>\n<p>El Tren Maya afirm\u00f3 que el resto de los servicios opera con normalidad y que, si se requiere alg\u00fan ajuste de horario o itinerario por las maniobras de revisi\u00f3n, se informar\u00e1 a los usuarios.<\/p>\n<p>Desde que inici\u00f3 operaciones hasta ahora, el sistema ferroviario Tren Maya suma con esta ocasi\u00f3n tres percantes de descarrilamientos en la v\u00eda. Afortunadamente, ninguno result\u00f3 con v\u00edctimas fatales.<\/p>\n","protected":false},"excerpt":{"rendered":"<p>Vag\u00f3n del Tren Maya sufri\u00f3 un descarrilamiento en la estaci\u00f3n San Francisco, en el estado de Campeche, por lo que el servicio fue suspendido y 123 pasajeros fueron desalojados. El percance ocurri\u00f3 50 metros de dejar la estaci\u00f3n San Francisco, cuando una rueda del \u00faltimo vag\u00f3n sali\u00f3 de los rieles, luego del descenso a las [&hellip;]<\/p>\n","protected":false},"author":6,"featured_media":31929,"comment_status":"open","ping_status":"open","sticky":false,"template":"","format":"standard","meta":{"_jetpack_memberships_contains_paid_content":false,"footnotes":"","jetpack_publicize_message":"","jetpack_publicize_feature_enabled":true,"jetpack_social_post_already_shared":true,"jetpack_social_options":{"image_generator_settings":{"template":"highway","default_image_id":0,"font":"","enabled":false},"version":2}},"categories":[18],"tags":[],"class_list":["post-31928","post","type-post","status-publish","format-standard","has-post-thumbnail","category-nacional"],"aioseo_notices":[],"jetpack_publicize_connections":[],"jetpack_featured_media_url":"https:\/\/angelneri.com\/new\/wp-content\/uploads\/2026\/09\/principal_tren-maya.jpg","jetpack_sharing_enabled":true,"_links":{"self":[{"href":"https:\/\/angelneri.com\/new\/wp-json\/wp\/v2\/posts\/31928","targetHints":{"allow":["GET"]}}],"collection":[{"href":"https:\/\/angelneri.com\/new\/wp-json\/wp\/v2\/posts"}],"about":[{"href":"https:\/\/angelneri.com\/new\/wp-json\/wp\/v2\/types\/post"}],"author":[{"embeddable":true,"href":"https:\/\/angelneri.com\/new\/wp-json\/wp\/v2\/users\/6"}],"replies":[{"embeddable":true,"href":"https:\/\/angelneri.com\/new\/wp-json\/wp\/v2\/comments?post=31928"}],"version-history":[{"count":1,"href":"https:\/\/angelneri.com\/new\/wp-json\/wp\/v2\/posts\/31928\/revisions"}],"predecessor-version":[{"id":31930,"href":"https:\/\/angelneri.com\/new\/wp-json\/wp\/v2\/posts\/31928\/revisions\/31930"}],"wp:featuredmedia":[{"embeddable":true,"href":"https:\/\/angelneri.com\/new\/wp-json\/wp\/v2\/media\/31929"}],"wp:attachment":[{"href":"https:\/\/angelneri.com\/new\/wp-json\/wp\/v2\/media?parent=31928"}],"wp:term":[{"taxonomy":"category","embeddable":true,"href":"https:\/\/angelneri.com\/new\/wp-json\/wp\/v2\/categories?post=31928"},{"taxonomy":"post_tag","embeddable":true,"href":"https:\/\/angelneri.com\/new\/wp-json\/wp\/v2\/tags?post=31928"}],"curies":[{"name":"wp","href":"https:\/\/api.w.org\/{rel}","templated":true}]}}