{"id":31931,"date":"2026-09-01T10:05:26","date_gmt":"2026-09-01T16:05:26","guid":{"rendered":"https:\/\/angelneri.com\/new\/?p=31931"},"modified":"2026-09-01T10:05:26","modified_gmt":"2026-09-01T16:05:26","slug":"asi-luce-zona-de-explosion-en-zacatecas-17-inmuebles-danados","status":"publish","type":"post","link":"https:\/\/angelneri.com\/new\/2026\/09\/01\/asi-luce-zona-de-explosion-en-zacatecas-17-inmuebles-danados\/","title":{"rendered":"As\u00ed luce zona de explosi\u00f3n en Zacatecas; 17 inmuebles da\u00f1ados"},"content":{"rendered":"<p>La explosi\u00f3n frente a la Comandancia de la Polic\u00eda Municipal de Ojocaliente, estado de Zacatecas, dej\u00f3 17 inmuebles da\u00f1ados y varios de ellos con afectaciones estructurales graves.<\/p>\n<p>El secretario general de Gobierno, Rodrigo Reyes Mug\u00fcerza, detall\u00f3 que la explosi\u00f3n ocurri\u00f3 alrededor de las 7:30 p.m. del domingo, 30 de agosto.<\/p>\n<p>Seg\u00fan el funcionario, el estallido presuntamente podr\u00eda estar relacionado con una detenci\u00f3n ocurrida el s\u00e1bado 29 de agosto en el municipio de Villa Garc\u00eda.<\/p>\n<p>La agresi\u00f3n ocurri\u00f3 cuando un civil estacion\u00f3 un veh\u00edculo afuera de las instalaciones de seguridad, lo dej\u00f3 encendido y poco despu\u00e9s se alej\u00f3 varias cuadras adelante.<\/p>\n<p>Informaron que 11 personas resultaron lesionadas y reciben atenci\u00f3n m\u00e9dica en el Hospital Comunitario de Ojocaliente. Una de las v\u00edctimas se encuentra bastante grave de salud, por lo que su atenci\u00f3n est\u00e1 a cargo del Hospital del ISSSTE.<\/p>\n<p>Adem\u00e1s de los 17 inmuebles da\u00f1ados, en 38 inmuebles hay vidrios rotos, resultado de la onda expansiva del estallido.<\/p>\n","protected":false},"excerpt":{"rendered":"<p>La explosi\u00f3n frente a la Comandancia de la Polic\u00eda Municipal de Ojocaliente, estado de Zacatecas, dej\u00f3 17 inmuebles da\u00f1ados y varios de ellos con afectaciones estructurales graves. El secretario general de Gobierno, Rodrigo Reyes Mug\u00fcerza, detall\u00f3 que la explosi\u00f3n ocurri\u00f3 alrededor de las 7:30 p.m. del domingo, 30 de agosto. Seg\u00fan el funcionario, el estallido [&hellip;]<\/p>\n","protected":false},"author":6,"featured_media":31932,"comment_status":"open","ping_status":"open","sticky":false,"template":"","format":"standard","meta":{"_jetpack_memberships_contains_paid_content":false,"footnotes":"","jetpack_publicize_message":"","jetpack_publicize_feature_enabled":true,"jetpack_social_post_already_shared":true,"jetpack_social_options":{"image_generator_settings":{"template":"highway","default_image_id":0,"font":"","enabled":false},"version":2}},"categories":[18],"tags":[],"class_list":["post-31931","post","type-post","status-publish","format-standard","has-post-thumbnail","category-nacional"],"aioseo_notices":[],"jetpack_publicize_connections":[],"jetpack_featured_media_url":"https:\/\/angelneri.com\/new\/wp-content\/uploads\/2026\/09\/principal_ojocaliente.jpg","jetpack_sharing_enabled":true,"_links":{"self":[{"href":"https:\/\/angelneri.com\/new\/wp-json\/wp\/v2\/posts\/31931","targetHints":{"allow":["GET"]}}],"collection":[{"href":"https:\/\/angelneri.com\/new\/wp-json\/wp\/v2\/posts"}],"about":[{"href":"https:\/\/angelneri.com\/new\/wp-json\/wp\/v2\/types\/post"}],"author":[{"embeddable":true,"href":"https:\/\/angelneri.com\/new\/wp-json\/wp\/v2\/users\/6"}],"replies":[{"embeddable":true,"href":"https:\/\/angelneri.com\/new\/wp-json\/wp\/v2\/comments?post=31931"}],"version-history":[{"count":1,"href":"https:\/\/angelneri.com\/new\/wp-json\/wp\/v2\/posts\/31931\/revisions"}],"predecessor-version":[{"id":31933,"href":"https:\/\/angelneri.com\/new\/wp-json\/wp\/v2\/posts\/31931\/revisions\/31933"}],"wp:featuredmedia":[{"embeddable":true,"href":"https:\/\/angelneri.com\/new\/wp-json\/wp\/v2\/media\/31932"}],"wp:attachment":[{"href":"https:\/\/angelneri.com\/new\/wp-json\/wp\/v2\/media?parent=31931"}],"wp:term":[{"taxonomy":"category","embeddable":true,"href":"https:\/\/angelneri.com\/new\/wp-json\/wp\/v2\/categories?post=31931"},{"taxonomy":"post_tag","embeddable":true,"href":"https:\/\/angelneri.com\/new\/wp-json\/wp\/v2\/tags?post=31931"}],"curies":[{"name":"wp","href":"https:\/\/api.w.org\/{rel}","templated":true}]}}