{"id":31946,"date":"2026-09-01T11:25:03","date_gmt":"2026-09-01T17:25:03","guid":{"rendered":"https:\/\/angelneri.com\/new\/?p=31946"},"modified":"2026-09-01T11:25:03","modified_gmt":"2026-09-01T17:25:03","slug":"dejara-carlos-acevedo-a-santos-este-equipo-espanol-podria-ficharlo","status":"publish","type":"post","link":"https:\/\/angelneri.com\/new\/2026\/09\/01\/dejara-carlos-acevedo-a-santos-este-equipo-espanol-podria-ficharlo\/","title":{"rendered":"\u00bfDejar\u00e1 Carlos Acevedo a Santos? Este equipo espa\u00f1ol podr\u00eda ficharlo"},"content":{"rendered":"<p>Carlos Acevedo podr\u00eda estar cerca de dar el salto al futbol europeo, luego de que un equipo espa\u00f1ol habr\u00eda mostrado inter\u00e9s en fichar al guardameta de Santos Laguna.<\/p>\n<p>De acuerdo con reportes del portal portugu\u00e9s Diario de Transferencias, el club espa\u00f1ol Rayo Vallecano habr\u00eda presentado una oferta de 2 millones de euros por el portero mexicano, cuya posible salida ya estar\u00eda en an\u00e1lisis por parte de Santos.<\/p>\n<p>El inter\u00e9s surgi\u00f3 ante la necesidad del Rayo Vallecano de reforzar su porter\u00eda tras la lesi\u00f3n de Augusto Batalla, quien sufri\u00f3 una fractura de tibia y estar\u00eda fuera de actividad.<\/p>\n<p>Acevedo tiene contrato con Santos Laguna hasta junio de 2027, por lo que cualquier transferencia deber\u00e1 ser negociada entre ambos clubes. El guardameta tambi\u00e9n es uno de los referentes del equipo y mantiene presencia en el radar de la Selecci\u00f3n Mexicana.<\/p>\n<p>A sus 30 a\u00f1os, el arquero ha desarrollado toda su carrera profesional con Santos, donde adem\u00e1s de ser capit\u00e1n se ha consolidado como uno de los jugadores m\u00e1s importantes del club. Ahora, el inter\u00e9s del Rayo Vallecano podr\u00eda abrirle la puerta para jugar por primera vez en Europa.<\/p>\n<p>&nbsp;<\/p>\n","protected":false},"excerpt":{"rendered":"<p>Carlos Acevedo podr\u00eda estar cerca de dar el salto al futbol europeo, luego de que un equipo espa\u00f1ol habr\u00eda mostrado inter\u00e9s en fichar al guardameta de Santos Laguna. De acuerdo con reportes del portal portugu\u00e9s Diario de Transferencias, el club espa\u00f1ol Rayo Vallecano habr\u00eda presentado una oferta de 2 millones de euros por el portero [&hellip;]<\/p>\n","protected":false},"author":6,"featured_media":31947,"comment_status":"open","ping_status":"open","sticky":false,"template":"","format":"standard","meta":{"_jetpack_memberships_contains_paid_content":false,"footnotes":"","jetpack_publicize_message":"","jetpack_publicize_feature_enabled":true,"jetpack_social_post_already_shared":true,"jetpack_social_options":{"image_generator_settings":{"template":"highway","default_image_id":0,"font":"","enabled":false},"version":2}},"categories":[18],"tags":[],"class_list":["post-31946","post","type-post","status-publish","format-standard","has-post-thumbnail","category-nacional"],"aioseo_notices":[],"jetpack_publicize_connections":[],"jetpack_featured_media_url":"https:\/\/angelneri.com\/new\/wp-content\/uploads\/2026\/09\/principal_descarga-22.jpg","jetpack_sharing_enabled":true,"_links":{"self":[{"href":"https:\/\/angelneri.com\/new\/wp-json\/wp\/v2\/posts\/31946","targetHints":{"allow":["GET"]}}],"collection":[{"href":"https:\/\/angelneri.com\/new\/wp-json\/wp\/v2\/posts"}],"about":[{"href":"https:\/\/angelneri.com\/new\/wp-json\/wp\/v2\/types\/post"}],"author":[{"embeddable":true,"href":"https:\/\/angelneri.com\/new\/wp-json\/wp\/v2\/users\/6"}],"replies":[{"embeddable":true,"href":"https:\/\/angelneri.com\/new\/wp-json\/wp\/v2\/comments?post=31946"}],"version-history":[{"count":1,"href":"https:\/\/angelneri.com\/new\/wp-json\/wp\/v2\/posts\/31946\/revisions"}],"predecessor-version":[{"id":31948,"href":"https:\/\/angelneri.com\/new\/wp-json\/wp\/v2\/posts\/31946\/revisions\/31948"}],"wp:featuredmedia":[{"embeddable":true,"href":"https:\/\/angelneri.com\/new\/wp-json\/wp\/v2\/media\/31947"}],"wp:attachment":[{"href":"https:\/\/angelneri.com\/new\/wp-json\/wp\/v2\/media?parent=31946"}],"wp:term":[{"taxonomy":"category","embeddable":true,"href":"https:\/\/angelneri.com\/new\/wp-json\/wp\/v2\/categories?post=31946"},{"taxonomy":"post_tag","embeddable":true,"href":"https:\/\/angelneri.com\/new\/wp-json\/wp\/v2\/tags?post=31946"}],"curies":[{"name":"wp","href":"https:\/\/api.w.org\/{rel}","templated":true}]}}