{"id":31955,"date":"2026-09-01T11:31:30","date_gmt":"2026-09-01T17:31:30","guid":{"rendered":"https:\/\/angelneri.com\/new\/?p=31955"},"modified":"2026-09-01T11:31:30","modified_gmt":"2026-09-01T17:31:30","slug":"qatar-tiene-previsto-celebrar-las-carreras-de-motogp-y-de-f1","status":"publish","type":"post","link":"https:\/\/angelneri.com\/new\/2026\/09\/01\/qatar-tiene-previsto-celebrar-las-carreras-de-motogp-y-de-f1\/","title":{"rendered":"Qatar tiene previsto celebrar las carreras de MotoGP y de F1"},"content":{"rendered":"<p>Qatar sigue teniendo previsto celebrar carreras de MotoGP y F\u00f3rmula Uno en noviembre, a pesar de la incertidumbre provocada por el conflicto en la regi\u00f3n, seg\u00fan declar\u00f3 el martes Abdul Rahman bin Abdullatif Al Mannai, presidente de la Federaci\u00f3n de Automovilismo y Motociclismo de Qatar (QMMF).<\/p>\n<p>La F1 dijo que tomar\u00e1 una decisi\u00f3n definitiva a mediados de septiembre sobre la carrera del 29 de noviembre en el circuito de Lusail, cerca de Doha, y que la temporada terminar\u00e1 en Europa si no se pueden celebrar las pruebas de Qatar y Abu Dabi.<\/p>\n<p>Est\u00e1 previsto que MotoGP compita en el mismo circuito el 8 de noviembre. El Campeonato Mundial de Resistencia (WEC) ha cancelado su prueba del 24 de octubre en Qatar.<br \/>\n\u00abQatar lleva meses siendo un lugar seguro. Nuestro aeropuerto est\u00e1 operativo al 100%, incluidos los vuelos de tr\u00e1nsito entre Asia y Europa. Si visitas Qatar, ver\u00e1s que hemos vuelto a la vida normal, as\u00ed que estamos deseando volver a celebrar carreras pronto\u00bb, dijo Al Mannai en una sesi\u00f3n de preguntas y respuestas publicada por la QMMF.<\/p>\n<p>\u00abEstamos en pleno funcionamiento y prepar\u00e1ndonos para MotoGP, y lo mismo ocurre con nuestras conversaciones con la F\u00f3rmula Uno. Por supuesto, hay cosas que no podemos predecir. Es dif\u00edcil. No sabemos qu\u00e9 va a pasar. La situaci\u00f3n ha sido cambiante, aunque hasta ahora ha estado muy tranquila. Depende de lo que ocurra en los pr\u00f3ximos dos meses m\u00e1s o menos\u00bb, se\u00f1al\u00f3.<br \/>\n\u00abPor nuestra parte, no podemos detener los planes. Tenemos que estar preparados. Vamos paso a paso para ver c\u00f3mo evoluciona la situaci\u00f3n y evaluarla. Pero, hasta ahora, todo va bien. Todo sigue adelante\u00bb, agreg\u00f3.<\/p>\n<p>El conflicto de Estados Unidos e Israel con Ir\u00e1n comenz\u00f3 en febrero y provoc\u00f3 el cierre casi total del estrecho de Ormuz.<\/p>\n<p>Washington se ha abstenido en gran medida de atacar las principales infraestructuras petroleras y de gas de Ir\u00e1n, una medida que, seg\u00fan Teher\u00e1n, provocar\u00eda ataques devastadores contra sus vecinos del golfo P\u00e9rsico.<br \/>\nLas carreras de Oriente Medio contribuyen de manera significativa a los ingresos de la F1 gracias a las tasas de organizaci\u00f3n, que ascienden a varias decenas de millones de d\u00f3lares.<\/p>\n","protected":false},"excerpt":{"rendered":"<p>Qatar sigue teniendo previsto celebrar carreras de MotoGP y F\u00f3rmula Uno en noviembre, a pesar de la incertidumbre provocada por el conflicto en la regi\u00f3n, seg\u00fan declar\u00f3 el martes Abdul Rahman bin Abdullatif Al Mannai, presidente de la Federaci\u00f3n de Automovilismo y Motociclismo de Qatar (QMMF). La F1 dijo que tomar\u00e1 una decisi\u00f3n definitiva a [&hellip;]<\/p>\n","protected":false},"author":6,"featured_media":31956,"comment_status":"open","ping_status":"open","sticky":false,"template":"","format":"standard","meta":{"_jetpack_memberships_contains_paid_content":false,"footnotes":"","jetpack_publicize_message":"","jetpack_publicize_feature_enabled":true,"jetpack_social_post_already_shared":true,"jetpack_social_options":{"image_generator_settings":{"template":"highway","default_image_id":0,"font":"","enabled":false},"version":2}},"categories":[186],"tags":[],"class_list":["post-31955","post","type-post","status-publish","format-standard","has-post-thumbnail","category-internacional"],"aioseo_notices":[],"jetpack_publicize_connections":[],"jetpack_featured_media_url":"https:\/\/angelneri.com\/new\/wp-content\/uploads\/2026\/09\/6264153-7Pkfk2mrH.webp","jetpack_sharing_enabled":true,"_links":{"self":[{"href":"https:\/\/angelneri.com\/new\/wp-json\/wp\/v2\/posts\/31955","targetHints":{"allow":["GET"]}}],"collection":[{"href":"https:\/\/angelneri.com\/new\/wp-json\/wp\/v2\/posts"}],"about":[{"href":"https:\/\/angelneri.com\/new\/wp-json\/wp\/v2\/types\/post"}],"author":[{"embeddable":true,"href":"https:\/\/angelneri.com\/new\/wp-json\/wp\/v2\/users\/6"}],"replies":[{"embeddable":true,"href":"https:\/\/angelneri.com\/new\/wp-json\/wp\/v2\/comments?post=31955"}],"version-history":[{"count":1,"href":"https:\/\/angelneri.com\/new\/wp-json\/wp\/v2\/posts\/31955\/revisions"}],"predecessor-version":[{"id":31957,"href":"https:\/\/angelneri.com\/new\/wp-json\/wp\/v2\/posts\/31955\/revisions\/31957"}],"wp:featuredmedia":[{"embeddable":true,"href":"https:\/\/angelneri.com\/new\/wp-json\/wp\/v2\/media\/31956"}],"wp:attachment":[{"href":"https:\/\/angelneri.com\/new\/wp-json\/wp\/v2\/media?parent=31955"}],"wp:term":[{"taxonomy":"category","embeddable":true,"href":"https:\/\/angelneri.com\/new\/wp-json\/wp\/v2\/categories?post=31955"},{"taxonomy":"post_tag","embeddable":true,"href":"https:\/\/angelneri.com\/new\/wp-json\/wp\/v2\/tags?post=31955"}],"curies":[{"name":"wp","href":"https:\/\/api.w.org\/{rel}","templated":true}]}}