{"id":31958,"date":"2026-09-01T11:36:30","date_gmt":"2026-09-01T17:36:30","guid":{"rendered":"https:\/\/angelneri.com\/new\/?p=31958"},"modified":"2026-09-01T11:36:30","modified_gmt":"2026-09-01T17:36:30","slug":"alerta-proteccion-civil-por-lluvias-fuertes-y-viento-durante-martes-y-miercoles","status":"publish","type":"post","link":"https:\/\/angelneri.com\/new\/2026\/09\/01\/alerta-proteccion-civil-por-lluvias-fuertes-y-viento-durante-martes-y-miercoles\/","title":{"rendered":"Alerta Protecci\u00f3n Civil por lluvias fuertes y viento durante martes y mi\u00e9rcoles"},"content":{"rendered":"<p>La inestabilidad atmosf\u00e9rica, un canal de baja presi\u00f3n y el ingreso de humedad del oc\u00e9ano Pac\u00edfico generar\u00e1n durante martes y mi\u00e9rcoles, lluvias fuertes y viento en gran parte del territorio chihuahuense, alert\u00f3 la Coordinaci\u00f3n Estatal de Protecci\u00f3n Civil (CEPC).<\/p>\n<p>Habr\u00e1 precipitaciones de moderadas a puntualmente fuertes en Madera, Tem\u00f3sachic y Guazapares, y dispersas en el resto del resto de la entidad, las cuales podr\u00edan estar acompa\u00f1adas de actividad el\u00e9ctrica y granizo.<\/p>\n<p>Respecto a los vientos, se esperan rachas de 45 kil\u00f3metros por hora (km\/h) en Ascensi\u00f3n, Allende, L\u00f3pez y Jim\u00e9nez. Podr\u00edan rebasar los 35 km\/h en las regiones centro, noroeste y noreste.<\/p>\n<p>Las temperaturas m\u00e1ximas para hoy alcanzar\u00e1n los 38 grados cent\u00edgrados (\u00b0C) en Ojinaga, 35\u00b0C Ju\u00e1rez y Delicias, 34\u00b0C Chihuahua y Camargo, 33\u00b0C Jim\u00e9nez y Ch\u00ednipas, 31\u00b0C Janos, 29\u00b0C Parral, 27\u00b0C Cuauht\u00e9moc, 26\u00b0C Tem\u00f3sachic, 24\u00b0C Madera, 22\u00b0C Bocoyna 21\u00b0C Guachochi y 20\u00b0C Balleza.<\/p>\n<p>Para este mi\u00e9rcoles el term\u00f3metro registrar\u00e1 valores similares, con m\u00ednimas de hasta 6\u00b0C en Balleza y 8\u00b0C en Guachochi. En Ciudad Ju\u00e1rez y Ojinaga las m\u00e1ximas llegar\u00e1n a los 37\u00b0C y 38\u00b0C, respectivamente.<\/p>\n<p>Se exhorta a la poblaci\u00f3n a mantenerse informada por canales oficiales y extremar precauciones ante posibles encharcamientos, crecientes repentinos y la fuerza de los vientos.<\/p>\n","protected":false},"excerpt":{"rendered":"<p>La inestabilidad atmosf\u00e9rica, un canal de baja presi\u00f3n y el ingreso de humedad del oc\u00e9ano Pac\u00edfico generar\u00e1n durante martes y mi\u00e9rcoles, lluvias fuertes y viento en gran parte del territorio chihuahuense, alert\u00f3 la Coordinaci\u00f3n Estatal de Protecci\u00f3n Civil (CEPC). Habr\u00e1 precipitaciones de moderadas a puntualmente fuertes en Madera, Tem\u00f3sachic y Guazapares, y dispersas en el [&hellip;]<\/p>\n","protected":false},"author":6,"featured_media":31959,"comment_status":"open","ping_status":"open","sticky":false,"template":"","format":"standard","meta":{"_jetpack_memberships_contains_paid_content":false,"footnotes":"","jetpack_publicize_message":"","jetpack_publicize_feature_enabled":true,"jetpack_social_post_already_shared":true,"jetpack_social_options":{"image_generator_settings":{"template":"highway","default_image_id":0,"font":"","enabled":false},"version":2}},"categories":[17],"tags":[],"class_list":["post-31958","post","type-post","status-publish","format-standard","has-post-thumbnail","category-estado"],"aioseo_notices":[],"jetpack_publicize_connections":[],"jetpack_featured_media_url":"https:\/\/angelneri.com\/new\/wp-content\/uploads\/2026\/09\/d4cec4c1-24e9-4bd5-a692-dd0db7e766f2.jpg","jetpack_sharing_enabled":true,"_links":{"self":[{"href":"https:\/\/angelneri.com\/new\/wp-json\/wp\/v2\/posts\/31958","targetHints":{"allow":["GET"]}}],"collection":[{"href":"https:\/\/angelneri.com\/new\/wp-json\/wp\/v2\/posts"}],"about":[{"href":"https:\/\/angelneri.com\/new\/wp-json\/wp\/v2\/types\/post"}],"author":[{"embeddable":true,"href":"https:\/\/angelneri.com\/new\/wp-json\/wp\/v2\/users\/6"}],"replies":[{"embeddable":true,"href":"https:\/\/angelneri.com\/new\/wp-json\/wp\/v2\/comments?post=31958"}],"version-history":[{"count":1,"href":"https:\/\/angelneri.com\/new\/wp-json\/wp\/v2\/posts\/31958\/revisions"}],"predecessor-version":[{"id":31960,"href":"https:\/\/angelneri.com\/new\/wp-json\/wp\/v2\/posts\/31958\/revisions\/31960"}],"wp:featuredmedia":[{"embeddable":true,"href":"https:\/\/angelneri.com\/new\/wp-json\/wp\/v2\/media\/31959"}],"wp:attachment":[{"href":"https:\/\/angelneri.com\/new\/wp-json\/wp\/v2\/media?parent=31958"}],"wp:term":[{"taxonomy":"category","embeddable":true,"href":"https:\/\/angelneri.com\/new\/wp-json\/wp\/v2\/categories?post=31958"},{"taxonomy":"post_tag","embeddable":true,"href":"https:\/\/angelneri.com\/new\/wp-json\/wp\/v2\/tags?post=31958"}],"curies":[{"name":"wp","href":"https:\/\/api.w.org\/{rel}","templated":true}]}}