{"id":31974,"date":"2026-09-01T14:04:17","date_gmt":"2026-09-01T20:04:17","guid":{"rendered":"https:\/\/angelneri.com\/new\/?p=31974"},"modified":"2026-09-01T14:04:17","modified_gmt":"2026-09-01T20:04:17","slug":"tumba-pan-reeleccion-en-fiscal-autonomo-diputado","status":"publish","type":"post","link":"https:\/\/angelneri.com\/new\/2026\/09\/01\/tumba-pan-reeleccion-en-fiscal-autonomo-diputado\/","title":{"rendered":"Tumba PAN reelecci\u00f3n en fiscal aut\u00f3nomo: Diputado"},"content":{"rendered":"<p>El coordinador del Grupo Parlamentario del PAN en el Congreso del Estado, Alfredo Ch\u00e1vez, inform\u00f3 que ser\u00e1 retirada del dictamen la propuesta que contemplaba la reelecci\u00f3n del titular de una Fiscal\u00eda General del Estado aut\u00f3noma.<\/p>\n<p>Refiri\u00f3 que fue con el objetivo de avanzar en la negociaci\u00f3n de la reforma para fortalecer la autonom\u00eda.<\/p>\n<p>Ch\u00e1vez explic\u00f3 que dicha disposici\u00f3n representaba una inquietud planteada por los diputados del PRI, por lo que se acord\u00f3 modificar el dictamen para facilitar los consensos entre las distintas fuerzas pol\u00edticas.<\/p>\n<p>\u201cEra una inquietud del PRI, de los diputados del PRI y vamos a retirar esa parte en el dictamen para poder avanzar\u201d, se\u00f1al\u00f3.<\/p>\n<p>El legislador panista asegur\u00f3 que las negociaciones avanzan favorablemente y destac\u00f3 la disposici\u00f3n de los diputados que han conformado una alianza legislativa en torno a temas que consideran prioritarios para Chihuahua.<\/p>\n<p>Indic\u00f3 que el objetivo principal de la reforma es fortalecer la autonom\u00eda de la Fiscal\u00eda General del Estado y dotar al Ministerio P\u00fablico de mayores capacidades para enfrentar a la delincuencia.<\/p>\n<p>\u201cLos diputados que hemos hecho equipo por Chihuahua, los aliados que hemos hecho equipo por Chihuahua, entendemos que esta propuesta es fundamental para lo que estamos viendo en el pa\u00eds\u201d, afirm\u00f3.<\/p>\n<p>Ch\u00e1vez advirti\u00f3 que Chihuahua debe evitar escenarios de inseguridad como los que, a su consideraci\u00f3n, enfrenta Sinaloa, por lo que defendi\u00f3 la necesidad de contar con una Fiscal\u00eda con mayor autonom\u00eda institucional.<\/p>\n<p>\u201cNo queremos que Chihuahua se convierta en Sinaloa\u201d, expres\u00f3.<\/p>\n<p>El coordinador panista sostuvo que la autonom\u00eda del fiscal permitir\u00eda fortalecer la capacidad de la instituci\u00f3n y del Ministerio P\u00fablico para actuar frente a los grupos delictivos sin depender de intereses pol\u00edticos.<\/p>\n<p>tiempo.com.mx<\/p>\n","protected":false},"excerpt":{"rendered":"<p>El coordinador del Grupo Parlamentario del PAN en el Congreso del Estado, Alfredo Ch\u00e1vez, inform\u00f3 que ser\u00e1 retirada del dictamen la propuesta que contemplaba la reelecci\u00f3n del titular de una Fiscal\u00eda General del Estado aut\u00f3noma. Refiri\u00f3 que fue con el objetivo de avanzar en la negociaci\u00f3n de la reforma para fortalecer la autonom\u00eda. Ch\u00e1vez explic\u00f3 [&hellip;]<\/p>\n","protected":false},"author":6,"featured_media":31975,"comment_status":"open","ping_status":"open","sticky":false,"template":"","format":"standard","meta":{"_jetpack_memberships_contains_paid_content":false,"footnotes":"","jetpack_publicize_message":"","jetpack_publicize_feature_enabled":true,"jetpack_social_post_already_shared":true,"jetpack_social_options":{"image_generator_settings":{"template":"highway","default_image_id":0,"font":"","enabled":false},"version":2}},"categories":[17],"tags":[],"class_list":["post-31974","post","type-post","status-publish","format-standard","has-post-thumbnail","category-estado"],"aioseo_notices":[],"jetpack_publicize_connections":[],"jetpack_featured_media_url":"https:\/\/angelneri.com\/new\/wp-content\/uploads\/2026\/09\/principal_img_6831.jpg","jetpack_sharing_enabled":true,"_links":{"self":[{"href":"https:\/\/angelneri.com\/new\/wp-json\/wp\/v2\/posts\/31974","targetHints":{"allow":["GET"]}}],"collection":[{"href":"https:\/\/angelneri.com\/new\/wp-json\/wp\/v2\/posts"}],"about":[{"href":"https:\/\/angelneri.com\/new\/wp-json\/wp\/v2\/types\/post"}],"author":[{"embeddable":true,"href":"https:\/\/angelneri.com\/new\/wp-json\/wp\/v2\/users\/6"}],"replies":[{"embeddable":true,"href":"https:\/\/angelneri.com\/new\/wp-json\/wp\/v2\/comments?post=31974"}],"version-history":[{"count":1,"href":"https:\/\/angelneri.com\/new\/wp-json\/wp\/v2\/posts\/31974\/revisions"}],"predecessor-version":[{"id":31976,"href":"https:\/\/angelneri.com\/new\/wp-json\/wp\/v2\/posts\/31974\/revisions\/31976"}],"wp:featuredmedia":[{"embeddable":true,"href":"https:\/\/angelneri.com\/new\/wp-json\/wp\/v2\/media\/31975"}],"wp:attachment":[{"href":"https:\/\/angelneri.com\/new\/wp-json\/wp\/v2\/media?parent=31974"}],"wp:term":[{"taxonomy":"category","embeddable":true,"href":"https:\/\/angelneri.com\/new\/wp-json\/wp\/v2\/categories?post=31974"},{"taxonomy":"post_tag","embeddable":true,"href":"https:\/\/angelneri.com\/new\/wp-json\/wp\/v2\/tags?post=31974"}],"curies":[{"name":"wp","href":"https:\/\/api.w.org\/{rel}","templated":true}]}}