{"id":31977,"date":"2026-09-01T14:06:18","date_gmt":"2026-09-01T20:06:18","guid":{"rendered":"https:\/\/angelneri.com\/new\/?p=31977"},"modified":"2026-09-01T14:06:18","modified_gmt":"2026-09-01T20:06:18","slug":"sigue-hospitalizado-joven-responsable-de-tragedia-frente-al-hospital-angeles","status":"publish","type":"post","link":"https:\/\/angelneri.com\/new\/2026\/09\/01\/sigue-hospitalizado-joven-responsable-de-tragedia-frente-al-hospital-angeles\/","title":{"rendered":"Sigue hospitalizado joven responsable de tragedia frente al Hospital \u00c1ngeles"},"content":{"rendered":"<p>El joven acusado por el accidente en el que muri\u00f3 un adulto mayor frente al Hospital \u00c1ngeles contin\u00faa hospitalizado mientras se recupera de una enfermedad que padece y que requiere atenci\u00f3n m\u00e9dica.<\/p>\n<p>El joven se\u00f1alado como presunto responsable del accidente vial en el que muri\u00f3 un adulto mayor frente al Hospital \u00c1ngeles de Chihuahua contin\u00faa hospitalizado y bajo atenci\u00f3n m\u00e9dica, debido a una enfermedad que padece y por la cual requiere permanecer estable antes de que pueda ser trasladado al Centro de Reinserci\u00f3n Social.<\/p>\n<p>La Fiscal\u00eda General del Estado aclar\u00f3 que la permanencia del imputado en el hospital no corresponde a un proceso de desintoxicaci\u00f3n, pese a que el examen toxicol\u00f3gico practicado durante la investigaci\u00f3n result\u00f3 positivo a coca\u00edna y anfetamina. La autoridad explic\u00f3 que actualmente recibe atenci\u00f3n por una condici\u00f3n m\u00e9dica que requiere seguimiento y recuperaci\u00f3n, por lo que ser\u00e1 el personal m\u00e9dico quien determine cu\u00e1ndo se encuentra en condiciones para abandonar el hospital.<\/p>\n<p>Mientras permanece internado, el joven se encuentra sujeto a la medida cautelar de prisi\u00f3n preventiva, impuesta por un juez de control durante la audiencia correspondiente. La Fiscal\u00eda precis\u00f3 que esta medida no representa una sentencia ni significa que haya recibido seis meses de prisi\u00f3n, sino que permanecer\u00e1 vigente durante el tiempo que dure el proceso, una vez que su estado de salud permita concretar su traslado al Cereso.<\/p>\n<p>En cuanto a la posibilidad de que el imputado padezca alg\u00fan trastorno psiqui\u00e1trico que pudiera hacerlo inimputable, la Fiscal\u00eda inform\u00f3 que hasta el momento no existe una pericial que confirme esa condici\u00f3n. La defensa puede solicitar una evaluaci\u00f3n especializada para determinar su estado mental, pero ser\u00e1 con base en esos estudios y en el an\u00e1lisis judicial como se definir\u00e1 si existe alguna circunstancia que modifique la manera en que enfrentar\u00e1 el proceso por el homicidio imprudencial.<\/p>\n<p>tiempo.com.mx<\/p>\n","protected":false},"excerpt":{"rendered":"<p>El joven acusado por el accidente en el que muri\u00f3 un adulto mayor frente al Hospital \u00c1ngeles contin\u00faa hospitalizado mientras se recupera de una enfermedad que padece y que requiere atenci\u00f3n m\u00e9dica. El joven se\u00f1alado como presunto responsable del accidente vial en el que muri\u00f3 un adulto mayor frente al Hospital \u00c1ngeles de Chihuahua contin\u00faa [&hellip;]<\/p>\n","protected":false},"author":6,"featured_media":31978,"comment_status":"open","ping_status":"open","sticky":false,"template":"","format":"standard","meta":{"_jetpack_memberships_contains_paid_content":false,"footnotes":"","jetpack_publicize_message":"","jetpack_publicize_feature_enabled":true,"jetpack_social_post_already_shared":true,"jetpack_social_options":{"image_generator_settings":{"template":"highway","default_image_id":0,"font":"","enabled":false},"version":2}},"categories":[17],"tags":[],"class_list":["post-31977","post","type-post","status-publish","format-standard","has-post-thumbnail","category-estado"],"aioseo_notices":[],"jetpack_publicize_connections":[],"jetpack_featured_media_url":"https:\/\/angelneri.com\/new\/wp-content\/uploads\/2026\/09\/principal_principal_detenidoangeles1-1.jpg","jetpack_sharing_enabled":true,"_links":{"self":[{"href":"https:\/\/angelneri.com\/new\/wp-json\/wp\/v2\/posts\/31977","targetHints":{"allow":["GET"]}}],"collection":[{"href":"https:\/\/angelneri.com\/new\/wp-json\/wp\/v2\/posts"}],"about":[{"href":"https:\/\/angelneri.com\/new\/wp-json\/wp\/v2\/types\/post"}],"author":[{"embeddable":true,"href":"https:\/\/angelneri.com\/new\/wp-json\/wp\/v2\/users\/6"}],"replies":[{"embeddable":true,"href":"https:\/\/angelneri.com\/new\/wp-json\/wp\/v2\/comments?post=31977"}],"version-history":[{"count":1,"href":"https:\/\/angelneri.com\/new\/wp-json\/wp\/v2\/posts\/31977\/revisions"}],"predecessor-version":[{"id":31979,"href":"https:\/\/angelneri.com\/new\/wp-json\/wp\/v2\/posts\/31977\/revisions\/31979"}],"wp:featuredmedia":[{"embeddable":true,"href":"https:\/\/angelneri.com\/new\/wp-json\/wp\/v2\/media\/31978"}],"wp:attachment":[{"href":"https:\/\/angelneri.com\/new\/wp-json\/wp\/v2\/media?parent=31977"}],"wp:term":[{"taxonomy":"category","embeddable":true,"href":"https:\/\/angelneri.com\/new\/wp-json\/wp\/v2\/categories?post=31977"},{"taxonomy":"post_tag","embeddable":true,"href":"https:\/\/angelneri.com\/new\/wp-json\/wp\/v2\/tags?post=31977"}],"curies":[{"name":"wp","href":"https:\/\/api.w.org\/{rel}","templated":true}]}}