{"id":32001,"date":"2026-09-01T15:06:43","date_gmt":"2026-09-01T21:06:43","guid":{"rendered":"https:\/\/angelneri.com\/new\/?p=32001"},"modified":"2026-09-01T15:06:43","modified_gmt":"2026-09-01T21:06:43","slug":"abatieron-a-el-chuchito-nini-junto-al-r5-era-menor-de-edad","status":"publish","type":"post","link":"https:\/\/angelneri.com\/new\/2026\/09\/01\/abatieron-a-el-chuchito-nini-junto-al-r5-era-menor-de-edad\/","title":{"rendered":"Abatieron a &#8216;El Chuchito Nini&#8217; junto al &#8216;R5&#8217;; era menor de edad"},"content":{"rendered":"<p>Este martes comenz\u00f3 a circular la versi\u00f3n de que el \u201cChuchito Nini\u201d fue abatido junto al \u201cR5\u201den el operativo en Michoac\u00e1n.<\/p>\n<p>A trav\u00e9s de redes sociales comenz\u00f3 a circular la versi\u00f3n de que fue abatido Jes\u00fas Sandoval, alias \u00abEl Chuchito Nini\u00bb, un menor de edad que se desempe\u00f1aba como escolta del \u201cR5\u201d e incluso hay quienes aseguran que ten\u00edan un parentesco.<\/p>\n<p>\u00bfQui\u00e9n es el \u201cChuchito Nini\u201d?<\/p>\n<p>Jes\u00fas Sandoval, alias \u00abEl Chuchito Nini\u00bb, es un jovencito menor de edad identificado como l\u00edder operativo cuya base es en el municipio de Los Reyes, se le se\u00f1ala como uno de los lugartenientes de Luis Enrique Barrag\u00e1n Ch\u00e1vez, alias \u201cEl R5\u201d del C\u00e1rtel de los Reyes.<\/p>\n<p>A \u00abEl Chuchito Nini\u00bb tambi\u00e9n lo se\u00f1alaban como y uno de los escoltas principales del \u201cR5\u201d y colaborador cercano.<\/p>\n<p>El nombre del menor de edad ha aparecido en narcomantas y reportes de inteligencia relacionados con el control de plazas, as\u00ed como extorsiones a productores de aguacate y berries y la confrontaci\u00f3n armada con el C\u00e1rtel Jalisco Nueva Generaci\u00f3n.<\/p>\n","protected":false},"excerpt":{"rendered":"<p>Este martes comenz\u00f3 a circular la versi\u00f3n de que el \u201cChuchito Nini\u201d fue abatido junto al \u201cR5\u201den el operativo en Michoac\u00e1n. A trav\u00e9s de redes sociales comenz\u00f3 a circular la versi\u00f3n de que fue abatido Jes\u00fas Sandoval, alias \u00abEl Chuchito Nini\u00bb, un menor de edad que se desempe\u00f1aba como escolta del \u201cR5\u201d e incluso hay [&hellip;]<\/p>\n","protected":false},"author":6,"featured_media":32002,"comment_status":"open","ping_status":"open","sticky":false,"template":"","format":"standard","meta":{"_jetpack_memberships_contains_paid_content":false,"footnotes":"","jetpack_publicize_message":"","jetpack_publicize_feature_enabled":true,"jetpack_social_post_already_shared":true,"jetpack_social_options":{"image_generator_settings":{"template":"highway","default_image_id":0,"font":"","enabled":false},"version":2}},"categories":[18],"tags":[],"class_list":["post-32001","post","type-post","status-publish","format-standard","has-post-thumbnail","category-nacional"],"aioseo_notices":[],"jetpack_publicize_connections":[],"jetpack_featured_media_url":"https:\/\/angelneri.com\/new\/wp-content\/uploads\/2026\/09\/principal_abatieron-_el-chuchito-nini_-_r5_-menor-edad.jpg","jetpack_sharing_enabled":true,"_links":{"self":[{"href":"https:\/\/angelneri.com\/new\/wp-json\/wp\/v2\/posts\/32001","targetHints":{"allow":["GET"]}}],"collection":[{"href":"https:\/\/angelneri.com\/new\/wp-json\/wp\/v2\/posts"}],"about":[{"href":"https:\/\/angelneri.com\/new\/wp-json\/wp\/v2\/types\/post"}],"author":[{"embeddable":true,"href":"https:\/\/angelneri.com\/new\/wp-json\/wp\/v2\/users\/6"}],"replies":[{"embeddable":true,"href":"https:\/\/angelneri.com\/new\/wp-json\/wp\/v2\/comments?post=32001"}],"version-history":[{"count":1,"href":"https:\/\/angelneri.com\/new\/wp-json\/wp\/v2\/posts\/32001\/revisions"}],"predecessor-version":[{"id":32003,"href":"https:\/\/angelneri.com\/new\/wp-json\/wp\/v2\/posts\/32001\/revisions\/32003"}],"wp:featuredmedia":[{"embeddable":true,"href":"https:\/\/angelneri.com\/new\/wp-json\/wp\/v2\/media\/32002"}],"wp:attachment":[{"href":"https:\/\/angelneri.com\/new\/wp-json\/wp\/v2\/media?parent=32001"}],"wp:term":[{"taxonomy":"category","embeddable":true,"href":"https:\/\/angelneri.com\/new\/wp-json\/wp\/v2\/categories?post=32001"},{"taxonomy":"post_tag","embeddable":true,"href":"https:\/\/angelneri.com\/new\/wp-json\/wp\/v2\/tags?post=32001"}],"curies":[{"name":"wp","href":"https:\/\/api.w.org\/{rel}","templated":true}]}}