{"id":32026,"date":"2026-09-01T16:06:49","date_gmt":"2026-09-01T22:06:49","guid":{"rendered":"https:\/\/angelneri.com\/new\/?p=32026"},"modified":"2026-09-01T16:06:49","modified_gmt":"2026-09-01T22:06:49","slug":"ultimo-dia-para-inscribirse-a-capacitacion-para-mipymes-agroindustriales-de-meoqui","status":"publish","type":"post","link":"https:\/\/angelneri.com\/new\/2026\/09\/01\/ultimo-dia-para-inscribirse-a-capacitacion-para-mipymes-agroindustriales-de-meoqui\/","title":{"rendered":"\u00daltimo d\u00eda para inscribirse a capacitaci\u00f3n para MiPyMEs agroindustriales de Meoqui"},"content":{"rendered":"<p>Las empresas agroindustriales de Meoqui y la regi\u00f3n tienen hasta este mi\u00e9rcoles para inscribirse al Programa de Profesionalizaci\u00f3n Empresarial MiPyMes Agroindustriales, que iniciar\u00e1 el pr\u00f3ximo viernes 4 de septiembre con un costo de 2 mil pesos por participante, capacitaci\u00f3n que llega a Meoqui gracias a las gestiones de la alcaldesa Arq. Miriam Soto, por lo que el Gobierno Municipal invita a aprovechar los \u00faltimos espacios disponibles. Las personas interesadas pueden solicitar informaci\u00f3n al 614 372 1307 y realizar su inscripci\u00f3n antes del cierre de la convocatoria.<\/p>\n<p>\u201cInvitar a la gente, a las empresas agroindustriales de Meoqui y de la regi\u00f3n, a\u00fan tenemos cupo. Cerramos este pr\u00f3ximo mi\u00e9rcoles las inscripciones\u201d, se\u00f1al\u00f3 el director de Desarrollo Econ\u00f3mico y Turismo, Alan Mata, quien reiter\u00f3 la invitaci\u00f3n a las empresas interesadas a aprovechar esta oportunidad de capacitaci\u00f3n y profesionalizaci\u00f3n.<\/p>\n<p>Asimismo, inform\u00f3 que la capacitaci\u00f3n se desarrollar\u00e1 en coordinaci\u00f3n con CANACINTRA Chihuahua y la Secretar\u00eda de Desarrollo Rural de Gobierno del Estado, y contar\u00e1 con 32 horas de formaci\u00f3n distribuidas en ocho m\u00f3dulos especializados. Asimismo, destac\u00f3 que ser\u00e1 una sesi\u00f3n semanal en modalidad presencial y abordar\u00e1 temas relacionados con finanzas, administraci\u00f3n y aspectos propios de la operaci\u00f3n de empresas agroindustriales.<\/p>\n","protected":false},"excerpt":{"rendered":"<p>Las empresas agroindustriales de Meoqui y la regi\u00f3n tienen hasta este mi\u00e9rcoles para inscribirse al Programa de Profesionalizaci\u00f3n Empresarial MiPyMes Agroindustriales, que iniciar\u00e1 el pr\u00f3ximo viernes 4 de septiembre con un costo de 2 mil pesos por participante, capacitaci\u00f3n que llega a Meoqui gracias a las gestiones de la alcaldesa Arq. Miriam Soto, por lo [&hellip;]<\/p>\n","protected":false},"author":6,"featured_media":32027,"comment_status":"open","ping_status":"open","sticky":false,"template":"","format":"standard","meta":{"_jetpack_memberships_contains_paid_content":false,"footnotes":"","jetpack_publicize_message":"","jetpack_publicize_feature_enabled":true,"jetpack_social_post_already_shared":true,"jetpack_social_options":{"image_generator_settings":{"template":"highway","default_image_id":0,"font":"","enabled":false},"version":2}},"categories":[70],"tags":[],"class_list":["post-32026","post","type-post","status-publish","format-standard","has-post-thumbnail","category-local"],"aioseo_notices":[],"jetpack_publicize_connections":[],"jetpack_featured_media_url":"https:\/\/angelneri.com\/new\/wp-content\/uploads\/2026\/09\/c11f7cb9-0520-4396-bd61-63fae67df698.jpg","jetpack_sharing_enabled":true,"_links":{"self":[{"href":"https:\/\/angelneri.com\/new\/wp-json\/wp\/v2\/posts\/32026","targetHints":{"allow":["GET"]}}],"collection":[{"href":"https:\/\/angelneri.com\/new\/wp-json\/wp\/v2\/posts"}],"about":[{"href":"https:\/\/angelneri.com\/new\/wp-json\/wp\/v2\/types\/post"}],"author":[{"embeddable":true,"href":"https:\/\/angelneri.com\/new\/wp-json\/wp\/v2\/users\/6"}],"replies":[{"embeddable":true,"href":"https:\/\/angelneri.com\/new\/wp-json\/wp\/v2\/comments?post=32026"}],"version-history":[{"count":1,"href":"https:\/\/angelneri.com\/new\/wp-json\/wp\/v2\/posts\/32026\/revisions"}],"predecessor-version":[{"id":32028,"href":"https:\/\/angelneri.com\/new\/wp-json\/wp\/v2\/posts\/32026\/revisions\/32028"}],"wp:featuredmedia":[{"embeddable":true,"href":"https:\/\/angelneri.com\/new\/wp-json\/wp\/v2\/media\/32027"}],"wp:attachment":[{"href":"https:\/\/angelneri.com\/new\/wp-json\/wp\/v2\/media?parent=32026"}],"wp:term":[{"taxonomy":"category","embeddable":true,"href":"https:\/\/angelneri.com\/new\/wp-json\/wp\/v2\/categories?post=32026"},{"taxonomy":"post_tag","embeddable":true,"href":"https:\/\/angelneri.com\/new\/wp-json\/wp\/v2\/tags?post=32026"}],"curies":[{"name":"wp","href":"https:\/\/api.w.org\/{rel}","templated":true}]}}