{"id":32033,"date":"2026-09-01T16:53:53","date_gmt":"2026-09-01T22:53:53","guid":{"rendered":"https:\/\/angelneri.com\/new\/?p=32033"},"modified":"2026-09-01T16:53:53","modified_gmt":"2026-09-01T22:53:53","slug":"satevo-enfrentamiento-entre-civiles-armados-y-ejercito-deja-un-muerto-y-ocho-detenidos","status":"publish","type":"post","link":"https:\/\/angelneri.com\/new\/2026\/09\/01\/satevo-enfrentamiento-entre-civiles-armados-y-ejercito-deja-un-muerto-y-ocho-detenidos\/","title":{"rendered":"Satev\u00f3: Enfrentamiento entre civiles armados y Ej\u00e9rcito deja un muerto y ocho detenidos"},"content":{"rendered":"<p>Un enfrentamiento entre civiles armados y elementos del Ej\u00e9rcito Mexicano, dej\u00f3 como saldo preliminar un hombre sin vida y la detenci\u00f3n de ocho personas, las cuales presuntamente ser\u00edan los agresores de los militares.<\/p>\n<p>El reporte se hizo minutos antes de las 15:00 horas, los agentes militares hac\u00edan recorridos por un camino de terracer\u00eda, ah\u00ed fueron agredidos por los civiles armados.<\/p>\n<p>Los elementos de la Defensa habr\u00edan repelido la agresi\u00f3n, no sin antes solicitar apoyo de otras dependencias como Guardia Nacional, Fiscal\u00eda General del Estado y Secretar\u00eda de Seguridad P\u00fablica del Estado (SSPE).<\/p>\n<p>De acuerdo a los agentes de la fiscal\u00eda general del estado que llegaron al sitio, los elementos castrenses ten\u00edan bajo arresto a ocho hombres detenidos, los cuales presuntamente habr\u00edan sido los que empezaron la agresi\u00f3n.<\/p>\n<p>El personal de la fiscal\u00eda tuvo a la vista a un civil sin vida, el cual a simple vista presentaba heridas por proyectil de arma de fuego, haci\u00e9ndose responsables del levantamiento del cuerpo y posteriores ex\u00e1menes de identificaci\u00f3n del mismo.<\/p>\n<p>De manera oficial no han dado a conocer si en el sitio se aseguraron armamentos o veh\u00edculos, los cuales habr\u00edan sido utilizados por los civiles armados durante el ataque armado.<\/p>\n<p>La autoridad ministerial coment\u00f3 que los detenidos ser\u00e1n puestos a disposici\u00f3n de la autoridad federal, por el delito de portaci\u00f3n de armas de fuego de uso exclusivo del ej\u00e9rcito, por lo que ser\u00e1 en cuesti\u00f3n de horas que su traslado se haga a la capital del estado.<\/p>\n<p>Agentes de la Secretar\u00eda de Seguridad P\u00fablica del Estado, se trasladaron al sitio para apoyar en labores de resguardo de los agentes del orden federal, as\u00ed como en el traslado de los ocho sujetos detenidos.<\/p>\n<p>&nbsp;<\/p>\n","protected":false},"excerpt":{"rendered":"<p>Un enfrentamiento entre civiles armados y elementos del Ej\u00e9rcito Mexicano, dej\u00f3 como saldo preliminar un hombre sin vida y la detenci\u00f3n de ocho personas, las cuales presuntamente ser\u00edan los agresores de los militares. El reporte se hizo minutos antes de las 15:00 horas, los agentes militares hac\u00edan recorridos por un camino de terracer\u00eda, ah\u00ed fueron [&hellip;]<\/p>\n","protected":false},"author":6,"featured_media":32034,"comment_status":"open","ping_status":"open","sticky":false,"template":"","format":"standard","meta":{"_jetpack_memberships_contains_paid_content":false,"footnotes":"","jetpack_publicize_message":"","jetpack_publicize_feature_enabled":true,"jetpack_social_post_already_shared":true,"jetpack_social_options":{"image_generator_settings":{"template":"highway","default_image_id":0,"font":"","enabled":false},"version":2}},"categories":[17],"tags":[],"class_list":["post-32033","post","type-post","status-publish","format-standard","has-post-thumbnail","category-estado"],"aioseo_notices":[],"jetpack_publicize_connections":[],"jetpack_featured_media_url":"https:\/\/angelneri.com\/new\/wp-content\/uploads\/2026\/09\/Captura-de-pantalla-2026-09-01-165211.png","jetpack_sharing_enabled":true,"_links":{"self":[{"href":"https:\/\/angelneri.com\/new\/wp-json\/wp\/v2\/posts\/32033","targetHints":{"allow":["GET"]}}],"collection":[{"href":"https:\/\/angelneri.com\/new\/wp-json\/wp\/v2\/posts"}],"about":[{"href":"https:\/\/angelneri.com\/new\/wp-json\/wp\/v2\/types\/post"}],"author":[{"embeddable":true,"href":"https:\/\/angelneri.com\/new\/wp-json\/wp\/v2\/users\/6"}],"replies":[{"embeddable":true,"href":"https:\/\/angelneri.com\/new\/wp-json\/wp\/v2\/comments?post=32033"}],"version-history":[{"count":1,"href":"https:\/\/angelneri.com\/new\/wp-json\/wp\/v2\/posts\/32033\/revisions"}],"predecessor-version":[{"id":32035,"href":"https:\/\/angelneri.com\/new\/wp-json\/wp\/v2\/posts\/32033\/revisions\/32035"}],"wp:featuredmedia":[{"embeddable":true,"href":"https:\/\/angelneri.com\/new\/wp-json\/wp\/v2\/media\/32034"}],"wp:attachment":[{"href":"https:\/\/angelneri.com\/new\/wp-json\/wp\/v2\/media?parent=32033"}],"wp:term":[{"taxonomy":"category","embeddable":true,"href":"https:\/\/angelneri.com\/new\/wp-json\/wp\/v2\/categories?post=32033"},{"taxonomy":"post_tag","embeddable":true,"href":"https:\/\/angelneri.com\/new\/wp-json\/wp\/v2\/tags?post=32033"}],"curies":[{"name":"wp","href":"https:\/\/api.w.org\/{rel}","templated":true}]}}