{"id":32049,"date":"2026-09-02T09:20:39","date_gmt":"2026-09-02T15:20:39","guid":{"rendered":"https:\/\/angelneri.com\/new\/?p=32049"},"modified":"2026-09-02T09:20:39","modified_gmt":"2026-09-02T15:20:39","slug":"tercer-dia-de-protesta-siguen-tomadas-las-instalaciones-de-educacion","status":"publish","type":"post","link":"https:\/\/angelneri.com\/new\/2026\/09\/02\/tercer-dia-de-protesta-siguen-tomadas-las-instalaciones-de-educacion\/","title":{"rendered":"Tercer d\u00eda de protesta: siguen tomadas las instalaciones de Educaci\u00f3n"},"content":{"rendered":"<p>Maestras egresadas de escuelas Normales del Estado, continuaron este mi\u00e9rcoles su protesta y con ello la toma de las instalaciones del Edificio H\u00e9roes de la Revoluci\u00f3n, mismo que alberga la Secretar\u00eda de Educaci\u00f3n y Deporte.<\/p>\n<p>Durante tres d\u00edas, las maestras normalistas han pernoctado en las dos entradas de dicho inmueble p\u00fablico, en b\u00fasqueda de un acuerdo en cuanto a la asignaci\u00f3n de plazas.<\/p>\n<p>Poco antes de iniciar el actual ciclo escolar, iniciaron estas protestas en la Unidad del Sistema para la Carrera de las Maestras y Maestros (Usicamm), y en Servicios Educativos del Estado de Chihuahua (Seech).<\/p>\n<p>En el primer d\u00eda de protestas, el secretario de Educaci\u00f3n, Hugo Guti\u00e9rrez D\u00e1vila, solicit\u00f3 di\u00e1logo con las manifestantes y asegur\u00f3 que ante la inconformidad por la oferta de plazas vacantes, pausaron la asignaci\u00f3n de las mismas.<\/p>\n<p>Las maestras egresadas se\u00f1alaron irregularidades y expusieron que muchas de las plazas se ofrecen como temporales, cuando muchas podr\u00edan brindarse de manera definitiva.<\/p>\n<p>Guti\u00e9rrez D\u00e1vila afirm\u00f3 que la plaza temporal forma parte de una primera etapa de admisi\u00f3n y asegur\u00f3 que quienes rechacen la medida conservar\u00e1n sus derechos para participar en las siguientes etapas del proceso.<\/p>\n<p>La ma\u00f1ana de este mi\u00e9rcoles continuaron la manifestaci\u00f3n y trabajadores de limpieza, administrativos y dem\u00e1s \u00e1reas, permanecieron al exterior del inmueble en espera de un acuerdo que les pudiera permitir regresar a sus labores.<\/p>\n<p>tiempo.com.mx<\/p>\n","protected":false},"excerpt":{"rendered":"<p>Maestras egresadas de escuelas Normales del Estado, continuaron este mi\u00e9rcoles su protesta y con ello la toma de las instalaciones del Edificio H\u00e9roes de la Revoluci\u00f3n, mismo que alberga la Secretar\u00eda de Educaci\u00f3n y Deporte. Durante tres d\u00edas, las maestras normalistas han pernoctado en las dos entradas de dicho inmueble p\u00fablico, en b\u00fasqueda de un [&hellip;]<\/p>\n","protected":false},"author":6,"featured_media":32050,"comment_status":"open","ping_status":"open","sticky":false,"template":"","format":"standard","meta":{"_jetpack_memberships_contains_paid_content":false,"footnotes":"","jetpack_publicize_message":"","jetpack_publicize_feature_enabled":true,"jetpack_social_post_already_shared":true,"jetpack_social_options":{"image_generator_settings":{"template":"highway","default_image_id":0,"font":"","enabled":false},"version":2}},"categories":[17],"tags":[],"class_list":["post-32049","post","type-post","status-publish","format-standard","has-post-thumbnail","category-estado"],"aioseo_notices":[],"jetpack_publicize_connections":[],"jetpack_featured_media_url":"https:\/\/angelneri.com\/new\/wp-content\/uploads\/2026\/09\/principal_img_6890.jpg","jetpack_sharing_enabled":true,"_links":{"self":[{"href":"https:\/\/angelneri.com\/new\/wp-json\/wp\/v2\/posts\/32049","targetHints":{"allow":["GET"]}}],"collection":[{"href":"https:\/\/angelneri.com\/new\/wp-json\/wp\/v2\/posts"}],"about":[{"href":"https:\/\/angelneri.com\/new\/wp-json\/wp\/v2\/types\/post"}],"author":[{"embeddable":true,"href":"https:\/\/angelneri.com\/new\/wp-json\/wp\/v2\/users\/6"}],"replies":[{"embeddable":true,"href":"https:\/\/angelneri.com\/new\/wp-json\/wp\/v2\/comments?post=32049"}],"version-history":[{"count":1,"href":"https:\/\/angelneri.com\/new\/wp-json\/wp\/v2\/posts\/32049\/revisions"}],"predecessor-version":[{"id":32051,"href":"https:\/\/angelneri.com\/new\/wp-json\/wp\/v2\/posts\/32049\/revisions\/32051"}],"wp:featuredmedia":[{"embeddable":true,"href":"https:\/\/angelneri.com\/new\/wp-json\/wp\/v2\/media\/32050"}],"wp:attachment":[{"href":"https:\/\/angelneri.com\/new\/wp-json\/wp\/v2\/media?parent=32049"}],"wp:term":[{"taxonomy":"category","embeddable":true,"href":"https:\/\/angelneri.com\/new\/wp-json\/wp\/v2\/categories?post=32049"},{"taxonomy":"post_tag","embeddable":true,"href":"https:\/\/angelneri.com\/new\/wp-json\/wp\/v2\/tags?post=32049"}],"curies":[{"name":"wp","href":"https:\/\/api.w.org\/{rel}","templated":true}]}}