{"id":32069,"date":"2026-09-02T09:45:58","date_gmt":"2026-09-02T15:45:58","guid":{"rendered":"https:\/\/angelneri.com\/new\/?p=32069"},"modified":"2026-09-02T09:45:58","modified_gmt":"2026-09-02T15:45:58","slug":"sheinbaum-rechaza-division-con-amlo-es-absolutamente-absurdo","status":"publish","type":"post","link":"https:\/\/angelneri.com\/new\/2026\/09\/02\/sheinbaum-rechaza-division-con-amlo-es-absolutamente-absurdo\/","title":{"rendered":"Sheinbaum rechaza divisi\u00f3n con AMLO: &#8216;Es absolutamente absurdo&#8217;"},"content":{"rendered":"<p>La presidenta Claudia Sheinbaum Pardo rechaz\u00f3 que exista una divisi\u00f3n con el expresidente Andr\u00e9s Manuel L\u00f3pez Obrador o una disputa entre \u201cobradoristas\u201d y \u201cclaudistas\u201d, y asegur\u00f3 que el exmandatario ha sido respetuoso de su Gobierno y no interviene en sus decisiones.<\/p>\n<p>Durante La Ma\u00f1anera del Pueblo, Sheinbaum se\u00f1al\u00f3 que en los \u00faltimos d\u00edas sus opositores han intentado posicionar la versi\u00f3n de una ruptura dentro del movimiento de la Cuarta Transformaci\u00f3n.<\/p>\n<p>\u201cAhora el argumento que quieren poner es que hay una profunda divisi\u00f3n entre el presidente L\u00f3pez Obrador y su servidora; ahora los obradoristas y los claudistas. Es absolutamente absurdo\u201d, expres\u00f3.<\/p>\n<p>La mandataria asegur\u00f3 que L\u00f3pez Obrador no le ha pedido tomar decisiones ni le ha manifestado desacuerdos respecto a las acciones de su administraci\u00f3n.<\/p>\n<p>\u201cEl presidente Andr\u00e9s Manuel L\u00f3pez Obrador ha sido sumamente respetuoso con nuestro Gobierno. No ha mandado ning\u00fan mensaje que diga: \u2018haz esto, haz aquello, no estoy de acuerdo con esto que hiciste\u2019\u201d, sostuvo.<\/p>\n<p>Sheinbaum agreg\u00f3 que el expresidente se encuentra retirado de la vida p\u00fablica y actualmente trabaja en su segundo libro, mientras que a su administraci\u00f3n le corresponde continuar con la conducci\u00f3n pol\u00edtica de la transformaci\u00f3n.<\/p>\n<p>Tambi\u00e9n calific\u00f3 de \u201cmuy machista\u201d la versi\u00f3n de que L\u00f3pez Obrador contin\u00faa gobernando detr\u00e1s de ella, al considerar que ese argumento supone que una mujer no tiene capacidad para ejercer por s\u00ed misma la Presidencia.<\/p>\n<p>La mandataria relacion\u00f3 estas versiones con los acontecimientos recientes en Sinaloa y Rub\u00e9n Rocha Moya, al se\u00f1alar que ahora se pretende presentar la selecci\u00f3n de candidaturas de Morena como una prueba de una supuesta disputa por el control pol\u00edtico.<\/p>\n<p>\u201cLos candidatos en Morena los pone el pueblo porque los ponen las encuestas. Ni siquiera la Presidenta participa, ni en su momento el presidente L\u00f3pez Obrador, en definir a los candidatos\u201d, afirm\u00f3.<\/p>\n<p>Sheinbaum sostuvo que existe un intento por provocar una divisi\u00f3n para debilitar al movimiento que representa, pero anticip\u00f3 que \u201cotra vez van a fracasar\u201d.<\/p>\n<p>Finalmente, atribuy\u00f3 los niveles de aprobaci\u00f3n de su Gobierno a mantener los principios de \u201cno robar, no mentir y no traicionar al pueblo\u201d, adem\u00e1s de continuar con la pol\u00edtica de \u201cpor el bien de todos, primero los pobres\u201d y cumplir los compromisos realizados durante la campa\u00f1a.<\/p>\n","protected":false},"excerpt":{"rendered":"<p>La presidenta Claudia Sheinbaum Pardo rechaz\u00f3 que exista una divisi\u00f3n con el expresidente Andr\u00e9s Manuel L\u00f3pez Obrador o una disputa entre \u201cobradoristas\u201d y \u201cclaudistas\u201d, y asegur\u00f3 que el exmandatario ha sido respetuoso de su Gobierno y no interviene en sus decisiones. Durante La Ma\u00f1anera del Pueblo, Sheinbaum se\u00f1al\u00f3 que en los \u00faltimos d\u00edas sus opositores [&hellip;]<\/p>\n","protected":false},"author":6,"featured_media":32070,"comment_status":"open","ping_status":"open","sticky":false,"template":"","format":"standard","meta":{"_jetpack_memberships_contains_paid_content":false,"footnotes":"","jetpack_publicize_message":"","jetpack_publicize_feature_enabled":true,"jetpack_social_post_already_shared":true,"jetpack_social_options":{"image_generator_settings":{"template":"highway","default_image_id":0,"font":"","enabled":false},"version":2}},"categories":[18],"tags":[],"class_list":["post-32069","post","type-post","status-publish","format-standard","has-post-thumbnail","category-nacional"],"aioseo_notices":[],"jetpack_publicize_connections":[],"jetpack_featured_media_url":"https:\/\/angelneri.com\/new\/wp-content\/uploads\/2026\/09\/principal_claudia-sheinbaum-pardo-2-septiembre-2026.jpg","jetpack_sharing_enabled":true,"_links":{"self":[{"href":"https:\/\/angelneri.com\/new\/wp-json\/wp\/v2\/posts\/32069","targetHints":{"allow":["GET"]}}],"collection":[{"href":"https:\/\/angelneri.com\/new\/wp-json\/wp\/v2\/posts"}],"about":[{"href":"https:\/\/angelneri.com\/new\/wp-json\/wp\/v2\/types\/post"}],"author":[{"embeddable":true,"href":"https:\/\/angelneri.com\/new\/wp-json\/wp\/v2\/users\/6"}],"replies":[{"embeddable":true,"href":"https:\/\/angelneri.com\/new\/wp-json\/wp\/v2\/comments?post=32069"}],"version-history":[{"count":1,"href":"https:\/\/angelneri.com\/new\/wp-json\/wp\/v2\/posts\/32069\/revisions"}],"predecessor-version":[{"id":32071,"href":"https:\/\/angelneri.com\/new\/wp-json\/wp\/v2\/posts\/32069\/revisions\/32071"}],"wp:featuredmedia":[{"embeddable":true,"href":"https:\/\/angelneri.com\/new\/wp-json\/wp\/v2\/media\/32070"}],"wp:attachment":[{"href":"https:\/\/angelneri.com\/new\/wp-json\/wp\/v2\/media?parent=32069"}],"wp:term":[{"taxonomy":"category","embeddable":true,"href":"https:\/\/angelneri.com\/new\/wp-json\/wp\/v2\/categories?post=32069"},{"taxonomy":"post_tag","embeddable":true,"href":"https:\/\/angelneri.com\/new\/wp-json\/wp\/v2\/tags?post=32069"}],"curies":[{"name":"wp","href":"https:\/\/api.w.org\/{rel}","templated":true}]}}