{"id":32082,"date":"2026-09-02T10:10:18","date_gmt":"2026-09-02T16:10:18","guid":{"rendered":"https:\/\/angelneri.com\/new\/?p=32082"},"modified":"2026-09-02T10:10:18","modified_gmt":"2026-09-02T16:10:18","slug":"reuniones-vecinales-cada-vez-suman-mas-apoyo-para-cruz-perez-cuellar","status":"publish","type":"post","link":"https:\/\/angelneri.com\/new\/2026\/09\/02\/reuniones-vecinales-cada-vez-suman-mas-apoyo-para-cruz-perez-cuellar\/","title":{"rendered":"Reuniones vecinales cada vez suman m\u00e1s apoyo para Cruz P\u00e9rez Cu\u00e9llar"},"content":{"rendered":"<p>Con paso firme, Los Amigos de Cruz P\u00e9rez Cu\u00e9llar contin\u00faan recorriendo las colonias de Delicias, fortaleciendo un movimiento que cada d\u00eda suma m\u00e1s ciudadanos convencidos de que la transformaci\u00f3n de Chihuahua es posible.<br \/>\nEn esta ocasi\u00f3n, Roc\u00edo Beltr\u00e1n del R\u00edo y Roberto F\u00e9lix sostuvieron un encuentro con vecinos de la colonia Tierra y Libertad, donde compartieron el proyecto que encabeza Cruz P\u00e9rez Cu\u00e9llar y reiteraron el llamado a respaldarlo durante el proceso interno de Morena para la coordinaci\u00f3n de los Comit\u00e9s de la Cuarta Transformaci\u00f3n y la Soberan\u00eda.<br \/>\nDurante la reuni\u00f3n, Roc\u00edo Beltr\u00e1n del R\u00edo destac\u00f3 que los resultados obtenidos por Cruz P\u00e9rez Cu\u00e9llar al frente del Gobierno de Ciudad Ju\u00e1rez respaldan, en su opini\u00f3n, su capacidad para liderar un proyecto de transformaci\u00f3n en todo Chihuahua.<br \/>\nAsimismo, afirm\u00f3 que su trabajo, cercan\u00eda con la gente y compromiso con las causas sociales lo mantienen como uno de los perfiles guinda con mayor respaldo rumbo al proceso pol\u00edtico-electoral de 2027.<br \/>\nLa transformaci\u00f3n se construye desde las colonias, escuchando a la gente y caminando unidos por un mejor Chihuahua.<\/p>\n","protected":false},"excerpt":{"rendered":"<p>Con paso firme, Los Amigos de Cruz P\u00e9rez Cu\u00e9llar contin\u00faan recorriendo las colonias de Delicias, fortaleciendo un movimiento que cada d\u00eda suma m\u00e1s ciudadanos convencidos de que la transformaci\u00f3n de Chihuahua es posible. En esta ocasi\u00f3n, Roc\u00edo Beltr\u00e1n del R\u00edo y Roberto F\u00e9lix sostuvieron un encuentro con vecinos de la colonia Tierra y Libertad, donde [&hellip;]<\/p>\n","protected":false},"author":6,"featured_media":32083,"comment_status":"open","ping_status":"open","sticky":false,"template":"","format":"standard","meta":{"_jetpack_memberships_contains_paid_content":false,"footnotes":"","jetpack_publicize_message":"","jetpack_publicize_feature_enabled":true,"jetpack_social_post_already_shared":true,"jetpack_social_options":{"image_generator_settings":{"template":"highway","default_image_id":0,"font":"","enabled":false},"version":2}},"categories":[70],"tags":[],"class_list":["post-32082","post","type-post","status-publish","format-standard","has-post-thumbnail","category-local"],"aioseo_notices":[],"jetpack_publicize_connections":[],"jetpack_featured_media_url":"https:\/\/angelneri.com\/new\/wp-content\/uploads\/2026\/09\/538fd8a0-d6ce-40c1-8d09-ef38ab226c4e.jpg","jetpack_sharing_enabled":true,"_links":{"self":[{"href":"https:\/\/angelneri.com\/new\/wp-json\/wp\/v2\/posts\/32082","targetHints":{"allow":["GET"]}}],"collection":[{"href":"https:\/\/angelneri.com\/new\/wp-json\/wp\/v2\/posts"}],"about":[{"href":"https:\/\/angelneri.com\/new\/wp-json\/wp\/v2\/types\/post"}],"author":[{"embeddable":true,"href":"https:\/\/angelneri.com\/new\/wp-json\/wp\/v2\/users\/6"}],"replies":[{"embeddable":true,"href":"https:\/\/angelneri.com\/new\/wp-json\/wp\/v2\/comments?post=32082"}],"version-history":[{"count":1,"href":"https:\/\/angelneri.com\/new\/wp-json\/wp\/v2\/posts\/32082\/revisions"}],"predecessor-version":[{"id":32084,"href":"https:\/\/angelneri.com\/new\/wp-json\/wp\/v2\/posts\/32082\/revisions\/32084"}],"wp:featuredmedia":[{"embeddable":true,"href":"https:\/\/angelneri.com\/new\/wp-json\/wp\/v2\/media\/32083"}],"wp:attachment":[{"href":"https:\/\/angelneri.com\/new\/wp-json\/wp\/v2\/media?parent=32082"}],"wp:term":[{"taxonomy":"category","embeddable":true,"href":"https:\/\/angelneri.com\/new\/wp-json\/wp\/v2\/categories?post=32082"},{"taxonomy":"post_tag","embeddable":true,"href":"https:\/\/angelneri.com\/new\/wp-json\/wp\/v2\/tags?post=32082"}],"curies":[{"name":"wp","href":"https:\/\/api.w.org\/{rel}","templated":true}]}}