{"id":32088,"date":"2026-09-02T10:15:15","date_gmt":"2026-09-02T16:15:15","guid":{"rendered":"https:\/\/angelneri.com\/new\/?p=32088"},"modified":"2026-09-02T10:15:15","modified_gmt":"2026-09-02T16:15:15","slug":"localiza-fdzo-restos-oseos-con-alteracion-termica-en-brecha-de-madera","status":"publish","type":"post","link":"https:\/\/angelneri.com\/new\/2026\/09\/02\/localiza-fdzo-restos-oseos-con-alteracion-termica-en-brecha-de-madera\/","title":{"rendered":"Localiza FDZO restos \u00f3seos con alteraci\u00f3n t\u00e9rmica en brecha de Madera"},"content":{"rendered":"<p>La Unidad de Investigaci\u00f3n de Personas Desaparecidas y\/o Ausentes de la Fiscal\u00eda de Distrito Zona Occidente, localiz\u00f3 restos \u00f3seos con alteraci\u00f3n t\u00e9rmica y objetos de inter\u00e9s criminal\u00edstico, en la brecha conocida como Laguna El Tres, en el municipio de Madera<\/p>\n<p>En seguimiento a carpetas de investigaci\u00f3n de personas desaparecidas en la regi\u00f3n, el personal de la Unidad de Investigaci\u00f3n, realiz\u00f3 el operativo de rastreo desde temprana hora de ayer martes 01 de septiembre, con un recorrido pedestre de aproximadamente tres kil\u00f3metros.<\/p>\n<p>En el citado lugar hallaron sobre la superficie, neum\u00e1ticos quemados y restos \u00f3seos con alteraci\u00f3n t\u00e9rmica, adem\u00e1s, siete casquillos de proyectil de arma de fuego calibre 7.62 X 39 mil\u00edmetros.<\/p>\n<p>Tambi\u00e9n se encontr\u00f3 un anillo de metal en color plata con piedra en color blanco y parte de unas esposas policiales, objetos asegurados por peritos en criminal\u00edstica forense para su an\u00e1lisis en Servicios Periciales y Ciencias Forenses.<\/p>\n<p>La Fiscal\u00eda General del Estado trabaja de manera permanente en la b\u00fasqueda y localizaci\u00f3n de personas desaparecidas, a fin de brindar tranquilidad y certeza a sus familias.<\/p>\n","protected":false},"excerpt":{"rendered":"<p>La Unidad de Investigaci\u00f3n de Personas Desaparecidas y\/o Ausentes de la Fiscal\u00eda de Distrito Zona Occidente, localiz\u00f3 restos \u00f3seos con alteraci\u00f3n t\u00e9rmica y objetos de inter\u00e9s criminal\u00edstico, en la brecha conocida como Laguna El Tres, en el municipio de Madera En seguimiento a carpetas de investigaci\u00f3n de personas desaparecidas en la regi\u00f3n, el personal de [&hellip;]<\/p>\n","protected":false},"author":6,"featured_media":32089,"comment_status":"open","ping_status":"open","sticky":false,"template":"","format":"standard","meta":{"_jetpack_memberships_contains_paid_content":false,"footnotes":"","jetpack_publicize_message":"","jetpack_publicize_feature_enabled":true,"jetpack_social_post_already_shared":true,"jetpack_social_options":{"image_generator_settings":{"template":"highway","default_image_id":0,"font":"","enabled":false},"version":2}},"categories":[17],"tags":[],"class_list":["post-32088","post","type-post","status-publish","format-standard","has-post-thumbnail","category-estado"],"aioseo_notices":[],"jetpack_publicize_connections":[],"jetpack_featured_media_url":"https:\/\/angelneri.com\/new\/wp-content\/uploads\/2026\/09\/38ad6832-c6db-4025-a09e-c8b6219f8959.jpg","jetpack_sharing_enabled":true,"_links":{"self":[{"href":"https:\/\/angelneri.com\/new\/wp-json\/wp\/v2\/posts\/32088","targetHints":{"allow":["GET"]}}],"collection":[{"href":"https:\/\/angelneri.com\/new\/wp-json\/wp\/v2\/posts"}],"about":[{"href":"https:\/\/angelneri.com\/new\/wp-json\/wp\/v2\/types\/post"}],"author":[{"embeddable":true,"href":"https:\/\/angelneri.com\/new\/wp-json\/wp\/v2\/users\/6"}],"replies":[{"embeddable":true,"href":"https:\/\/angelneri.com\/new\/wp-json\/wp\/v2\/comments?post=32088"}],"version-history":[{"count":1,"href":"https:\/\/angelneri.com\/new\/wp-json\/wp\/v2\/posts\/32088\/revisions"}],"predecessor-version":[{"id":32090,"href":"https:\/\/angelneri.com\/new\/wp-json\/wp\/v2\/posts\/32088\/revisions\/32090"}],"wp:featuredmedia":[{"embeddable":true,"href":"https:\/\/angelneri.com\/new\/wp-json\/wp\/v2\/media\/32089"}],"wp:attachment":[{"href":"https:\/\/angelneri.com\/new\/wp-json\/wp\/v2\/media?parent=32088"}],"wp:term":[{"taxonomy":"category","embeddable":true,"href":"https:\/\/angelneri.com\/new\/wp-json\/wp\/v2\/categories?post=32088"},{"taxonomy":"post_tag","embeddable":true,"href":"https:\/\/angelneri.com\/new\/wp-json\/wp\/v2\/tags?post=32088"}],"curies":[{"name":"wp","href":"https:\/\/api.w.org\/{rel}","templated":true}]}}