{"id":32107,"date":"2026-09-02T11:54:32","date_gmt":"2026-09-02T17:54:32","guid":{"rendered":"https:\/\/angelneri.com\/new\/?p=32107"},"modified":"2026-09-02T11:54:32","modified_gmt":"2026-09-02T17:54:32","slug":"cruz-perez-cuellar-alerta-sobre-alianza-pri-pan-mc-y-exige-a-morena-reforzar-territorio-para-evitar-derrota-en-2027","status":"publish","type":"post","link":"https:\/\/angelneri.com\/new\/2026\/09\/02\/cruz-perez-cuellar-alerta-sobre-alianza-pri-pan-mc-y-exige-a-morena-reforzar-territorio-para-evitar-derrota-en-2027\/","title":{"rendered":"Cruz P\u00e9rez Cu\u00e9llar alerta sobre alianza PRI-PAN-MC y exige a Morena reforzar territorio para evitar derrota en 2027"},"content":{"rendered":"<p>Cruz P\u00e9rez Cu\u00e9llar, alcalde con licencia de Ciudad Ju\u00e1rez, inst\u00f3 a Morena a reforzar estructura territorial y sumar a campesinos, industriales y sociedad civil para asegurar la victoria en la gubernatura, ante la posible alianza PRI-PAN-MC.<\/p>\n<p>Consider\u00f3 que la eventual b\u00fasqueda de una gran alianza del PRI con el PAN y MC no deb\u00eda determinar por s\u00ed sola el resultado electoral y urgi\u00f3 a reforzar la estrategia de su fuerza pol\u00edtica para evitar un riesgo de derrota en el 2027 en el estado.<\/p>\n<p>Record\u00f3 Cruz que el presidente nacional del PAN, Jorge Romero, dijo que no habr\u00eda alianzas pasadas, presentes o futuras, y afirm\u00f3 que ese discurso result\u00f3 contradictorio, por lo que sostuvo que las coaliciones entre partidos pod\u00edan ocurrir pese a esas afirmaciones y afectar la din\u00e1mica electoral local.<\/p>\n<p>Ante ese panorama, propuso revisar la estructura territorial del movimiento, trabajar en la unidad una vez que se defina la situaci\u00f3n en el Estado y extender la labor a los municipios; dijo que la meta era incorporar a quienes no apoyaban hasta entonces para consolidar la base electoral y ampliar el respaldo.<\/p>\n<p>Asimismo, pidi\u00f3 que los coordinadores municipales sumaran a militantes y simpatizantes y se\u00f1al\u00f3 la intenci\u00f3n de mantener acuerdos con el Partido de Trabajo y con el Partido Verde. Indic\u00f3 que esos pactos partidistas resultaban relevantes, pero no suficientes sin el apoyo social amplio.<\/p>\n<p>Destac\u00f3 la prioridad por articular alianzas con sectores sociales: campesinos, agricultores, ganaderos, industriales, forestales, mineros y la sociedad civil organizada. Expres\u00f3 que ese trabajo de vinculaci\u00f3n social constitu\u00eda la pieza central para competir y reducir la dependencia frente a acuerdos entre otros partidos.<\/p>\n<p>Concluy\u00f3 que, si se reforzaba la estructura y se sumaban los distintos sectores, la eventual alianza entre PRI, PAN y MC perder\u00eda fuerza como factor decisivo en la contienda; por ello inst\u00f3 a actuar en lo territorial y en la unidad para procurar la victoria electoral.<\/p>\n","protected":false},"excerpt":{"rendered":"<p>Cruz P\u00e9rez Cu\u00e9llar, alcalde con licencia de Ciudad Ju\u00e1rez, inst\u00f3 a Morena a reforzar estructura territorial y sumar a campesinos, industriales y sociedad civil para asegurar la victoria en la gubernatura, ante la posible alianza PRI-PAN-MC. Consider\u00f3 que la eventual b\u00fasqueda de una gran alianza del PRI con el PAN y MC no deb\u00eda determinar [&hellip;]<\/p>\n","protected":false},"author":6,"featured_media":32108,"comment_status":"open","ping_status":"open","sticky":false,"template":"","format":"standard","meta":{"_jetpack_memberships_contains_paid_content":false,"footnotes":"","jetpack_publicize_message":"","jetpack_publicize_feature_enabled":true,"jetpack_social_post_already_shared":true,"jetpack_social_options":{"image_generator_settings":{"template":"highway","default_image_id":0,"font":"","enabled":false},"version":2}},"categories":[17],"tags":[],"class_list":["post-32107","post","type-post","status-publish","format-standard","has-post-thumbnail","category-estado"],"aioseo_notices":[],"jetpack_publicize_connections":[],"jetpack_featured_media_url":"https:\/\/angelneri.com\/new\/wp-content\/uploads\/2026\/09\/principal_img_6920.jpg","jetpack_sharing_enabled":true,"_links":{"self":[{"href":"https:\/\/angelneri.com\/new\/wp-json\/wp\/v2\/posts\/32107","targetHints":{"allow":["GET"]}}],"collection":[{"href":"https:\/\/angelneri.com\/new\/wp-json\/wp\/v2\/posts"}],"about":[{"href":"https:\/\/angelneri.com\/new\/wp-json\/wp\/v2\/types\/post"}],"author":[{"embeddable":true,"href":"https:\/\/angelneri.com\/new\/wp-json\/wp\/v2\/users\/6"}],"replies":[{"embeddable":true,"href":"https:\/\/angelneri.com\/new\/wp-json\/wp\/v2\/comments?post=32107"}],"version-history":[{"count":1,"href":"https:\/\/angelneri.com\/new\/wp-json\/wp\/v2\/posts\/32107\/revisions"}],"predecessor-version":[{"id":32109,"href":"https:\/\/angelneri.com\/new\/wp-json\/wp\/v2\/posts\/32107\/revisions\/32109"}],"wp:featuredmedia":[{"embeddable":true,"href":"https:\/\/angelneri.com\/new\/wp-json\/wp\/v2\/media\/32108"}],"wp:attachment":[{"href":"https:\/\/angelneri.com\/new\/wp-json\/wp\/v2\/media?parent=32107"}],"wp:term":[{"taxonomy":"category","embeddable":true,"href":"https:\/\/angelneri.com\/new\/wp-json\/wp\/v2\/categories?post=32107"},{"taxonomy":"post_tag","embeddable":true,"href":"https:\/\/angelneri.com\/new\/wp-json\/wp\/v2\/tags?post=32107"}],"curies":[{"name":"wp","href":"https:\/\/api.w.org\/{rel}","templated":true}]}}