{"id":32124,"date":"2026-09-02T14:27:30","date_gmt":"2026-09-02T20:27:30","guid":{"rendered":"https:\/\/angelneri.com\/new\/?p=32124"},"modified":"2026-09-02T14:27:30","modified_gmt":"2026-09-02T20:27:30","slug":"atentaron-contra-director-de-proteccion-civil-de-mazatlan","status":"publish","type":"post","link":"https:\/\/angelneri.com\/new\/2026\/09\/02\/atentaron-contra-director-de-proteccion-civil-de-mazatlan\/","title":{"rendered":"Atentaron contra director de Protecci\u00f3n Civil de Mazatl\u00e1n"},"content":{"rendered":"<p>Esta ma\u00f1ana fue atacado a balazos \u00d3scar Osuna Tirado, director de Protecci\u00f3n Civil de Mazatl\u00e1n, por lo que result\u00f3 con lesiones.<\/p>\n<p>El director de Protecci\u00f3n Civil de Mazatl\u00e1n, \u00d3scar Roberto Osuna Tirado, fue atacado a balazos durante la ma\u00f1ana de este mi\u00e9rcoles 2 de septiembre, cuando viajaba a bordo de una camioneta oficial de la dependencia por calles de la zona Centro del puerto.<\/p>\n<p>Los primeros reportes ubican la agresi\u00f3n sobre la avenida Guti\u00e9rrez N\u00e1jera, casi en el cruce con Emilio Barrag\u00e1n, en la colonia Montuosa.<\/p>\n<p>De acuerdo con informaci\u00f3n preliminar, sujetos que viajaban en una motocicleta habr\u00edan interceptado el veh\u00edculo y disparado contra sus ocupantes.<\/p>\n<p>Durante el ataque tambi\u00e9n result\u00f3 lesionado otro integrante de Protecci\u00f3n Civil que acompa\u00f1aba al funcionario.<\/p>\n<p>Ambos fueron trasladados a un hospital para recibir atenci\u00f3n m\u00e9dica, hasta el momento, las autoridades no han dado a conocer oficialmente la gravedad de las lesiones de Osuna Tirado ni de su compa\u00f1ero.<\/p>\n<p>Osuna Tirado se desempe\u00f1a como titular de Protecci\u00f3n Civil Municipal de Mazatl\u00e1n y en las \u00faltimas semanas hab\u00eda participado en labores de atenci\u00f3n y prevenci\u00f3n ante las lluvias registradas en el puerto, as\u00ed como en operativos relacionados con la seguridad de habitantes y turistas.<\/p>\n<p>&nbsp;<\/p>\n","protected":false},"excerpt":{"rendered":"<p>Esta ma\u00f1ana fue atacado a balazos \u00d3scar Osuna Tirado, director de Protecci\u00f3n Civil de Mazatl\u00e1n, por lo que result\u00f3 con lesiones. El director de Protecci\u00f3n Civil de Mazatl\u00e1n, \u00d3scar Roberto Osuna Tirado, fue atacado a balazos durante la ma\u00f1ana de este mi\u00e9rcoles 2 de septiembre, cuando viajaba a bordo de una camioneta oficial de la [&hellip;]<\/p>\n","protected":false},"author":6,"featured_media":32125,"comment_status":"open","ping_status":"open","sticky":false,"template":"","format":"standard","meta":{"_jetpack_memberships_contains_paid_content":false,"footnotes":"","jetpack_publicize_message":"","jetpack_publicize_feature_enabled":true,"jetpack_social_post_already_shared":true,"jetpack_social_options":{"image_generator_settings":{"template":"highway","default_image_id":0,"font":"","enabled":false},"version":2}},"categories":[18],"tags":[],"class_list":["post-32124","post","type-post","status-publish","format-standard","has-post-thumbnail","category-nacional"],"aioseo_notices":[],"jetpack_publicize_connections":[],"jetpack_featured_media_url":"https:\/\/angelneri.com\/new\/wp-content\/uploads\/2026\/09\/principal_oscar-osuna-tirado-atentado-mazatlan-director-proteccion-civil-lesiones.jpg","jetpack_sharing_enabled":true,"_links":{"self":[{"href":"https:\/\/angelneri.com\/new\/wp-json\/wp\/v2\/posts\/32124","targetHints":{"allow":["GET"]}}],"collection":[{"href":"https:\/\/angelneri.com\/new\/wp-json\/wp\/v2\/posts"}],"about":[{"href":"https:\/\/angelneri.com\/new\/wp-json\/wp\/v2\/types\/post"}],"author":[{"embeddable":true,"href":"https:\/\/angelneri.com\/new\/wp-json\/wp\/v2\/users\/6"}],"replies":[{"embeddable":true,"href":"https:\/\/angelneri.com\/new\/wp-json\/wp\/v2\/comments?post=32124"}],"version-history":[{"count":1,"href":"https:\/\/angelneri.com\/new\/wp-json\/wp\/v2\/posts\/32124\/revisions"}],"predecessor-version":[{"id":32126,"href":"https:\/\/angelneri.com\/new\/wp-json\/wp\/v2\/posts\/32124\/revisions\/32126"}],"wp:featuredmedia":[{"embeddable":true,"href":"https:\/\/angelneri.com\/new\/wp-json\/wp\/v2\/media\/32125"}],"wp:attachment":[{"href":"https:\/\/angelneri.com\/new\/wp-json\/wp\/v2\/media?parent=32124"}],"wp:term":[{"taxonomy":"category","embeddable":true,"href":"https:\/\/angelneri.com\/new\/wp-json\/wp\/v2\/categories?post=32124"},{"taxonomy":"post_tag","embeddable":true,"href":"https:\/\/angelneri.com\/new\/wp-json\/wp\/v2\/tags?post=32124"}],"curies":[{"name":"wp","href":"https:\/\/api.w.org\/{rel}","templated":true}]}}