{"id":32148,"date":"2026-09-02T16:10:42","date_gmt":"2026-09-02T22:10:42","guid":{"rendered":"https:\/\/angelneri.com\/new\/?p=32148"},"modified":"2026-09-02T16:10:42","modified_gmt":"2026-09-02T22:10:42","slug":"protestas-masivas-contra-el-presidente-de-espana-exigen-proteger-ceuta","status":"publish","type":"post","link":"https:\/\/angelneri.com\/new\/2026\/09\/02\/protestas-masivas-contra-el-presidente-de-espana-exigen-proteger-ceuta\/","title":{"rendered":"Protestas masivas contra el Presidente de Espa\u00f1a; exigen proteger Ceuta"},"content":{"rendered":"<p>Este 2 de septiembre llenaron cientos de miles de espa\u00f1oles las plazas de las principales ciudades para conmemorar el D\u00eda de Ceuta, ciudad que ha padecido invasiones de marroqu\u00edes, y en protesta contra el gobierno de Pedro S\u00e1nchez.<\/p>\n<p>Con banderas de Espa\u00f1a, incluso con el escudo de Ceuta, cientos de miles de espa\u00f1oles protestaron la tarde de este 2 de septiembre a las plazas de pr\u00e1cticamente uno de cada cuatro municipios del pa\u00eds.<\/p>\n<p>Entre las protestas se escuch\u00f3 varias veces el grito \u201c\u00a1S\u00e1nchez, dimisi\u00f3n!\u201d, para exigir la renuncia de Pedro S\u00e1nchez, presidente del Gobierno de Espa\u00f1a.<\/p>\n<p>Ceuta fue invadida en julio por miles de marroqu\u00edes. Los habitantes se encerraron en sus hogares y varios negocios tuvieron que cerrar, asimismo hubo alerta por riesgos a la saturaci\u00f3n de los servicios p\u00fablicos por la repentina llegada de personas que no ten\u00edan d\u00f3nde dormir ni qu\u00e9 comer de inmediato, temiendo adem\u00e1s que ello provocara vandalismo e inseguridad.<\/p>\n<p>La manifestaci\u00f3n fue convocada por la Federaci\u00f3n Espa\u00f1ola de Municipios y Provincias, asociaci\u00f3n de gobiernos locales, bajo el lema \u201cCeuta no se vende, Ceuta de defiende\u201d.<\/p>\n<p>Tambi\u00e9n reclaman que Ceuta es Espa\u00f1a y que \u201cno se regala\u201d, exigiendo que el gobierno nacional proteja a esta ciudad ubicada en el norte de \u00c1frica, que ha sido objetivo de invasiones de migrantes de Marruecos.<\/p>\n<p>Alcaldes del PSOE, el partido al que pertenece S\u00e1nchez, llamaron a no participar en las manifestaciones.<\/p>\n<p>Public\u00f3 S\u00e1nchez un video con la bandera de Ceuta y de Espa\u00f1a atr\u00e1s, afirmando que busca que la ciudad \u201crecupere cuanto antes la plena normalidad\u201d.<\/p>\n","protected":false},"excerpt":{"rendered":"<p>Este 2 de septiembre llenaron cientos de miles de espa\u00f1oles las plazas de las principales ciudades para conmemorar el D\u00eda de Ceuta, ciudad que ha padecido invasiones de marroqu\u00edes, y en protesta contra el gobierno de Pedro S\u00e1nchez. Con banderas de Espa\u00f1a, incluso con el escudo de Ceuta, cientos de miles de espa\u00f1oles protestaron la [&hellip;]<\/p>\n","protected":false},"author":6,"featured_media":32149,"comment_status":"open","ping_status":"open","sticky":false,"template":"","format":"standard","meta":{"_jetpack_memberships_contains_paid_content":false,"footnotes":"","jetpack_publicize_message":"","jetpack_publicize_feature_enabled":true,"jetpack_social_post_already_shared":true,"jetpack_social_options":{"image_generator_settings":{"template":"highway","default_image_id":0,"font":"","enabled":false},"version":2}},"categories":[186],"tags":[],"class_list":["post-32148","post","type-post","status-publish","format-standard","has-post-thumbnail","category-internacional"],"aioseo_notices":[],"jetpack_publicize_connections":[],"jetpack_featured_media_url":"https:\/\/angelneri.com\/new\/wp-content\/uploads\/2026\/09\/principal_espana-ceuta.jpg","jetpack_sharing_enabled":true,"_links":{"self":[{"href":"https:\/\/angelneri.com\/new\/wp-json\/wp\/v2\/posts\/32148","targetHints":{"allow":["GET"]}}],"collection":[{"href":"https:\/\/angelneri.com\/new\/wp-json\/wp\/v2\/posts"}],"about":[{"href":"https:\/\/angelneri.com\/new\/wp-json\/wp\/v2\/types\/post"}],"author":[{"embeddable":true,"href":"https:\/\/angelneri.com\/new\/wp-json\/wp\/v2\/users\/6"}],"replies":[{"embeddable":true,"href":"https:\/\/angelneri.com\/new\/wp-json\/wp\/v2\/comments?post=32148"}],"version-history":[{"count":1,"href":"https:\/\/angelneri.com\/new\/wp-json\/wp\/v2\/posts\/32148\/revisions"}],"predecessor-version":[{"id":32150,"href":"https:\/\/angelneri.com\/new\/wp-json\/wp\/v2\/posts\/32148\/revisions\/32150"}],"wp:featuredmedia":[{"embeddable":true,"href":"https:\/\/angelneri.com\/new\/wp-json\/wp\/v2\/media\/32149"}],"wp:attachment":[{"href":"https:\/\/angelneri.com\/new\/wp-json\/wp\/v2\/media?parent=32148"}],"wp:term":[{"taxonomy":"category","embeddable":true,"href":"https:\/\/angelneri.com\/new\/wp-json\/wp\/v2\/categories?post=32148"},{"taxonomy":"post_tag","embeddable":true,"href":"https:\/\/angelneri.com\/new\/wp-json\/wp\/v2\/tags?post=32148"}],"curies":[{"name":"wp","href":"https:\/\/api.w.org\/{rel}","templated":true}]}}