{"id":32205,"date":"2026-09-03T09:18:12","date_gmt":"2026-09-03T15:18:12","guid":{"rendered":"https:\/\/angelneri.com\/new\/?p=32205"},"modified":"2026-09-03T09:18:12","modified_gmt":"2026-09-03T15:18:12","slug":"sigue-la-protesta-por-la-asignacion-de-plazas","status":"publish","type":"post","link":"https:\/\/angelneri.com\/new\/2026\/09\/03\/sigue-la-protesta-por-la-asignacion-de-plazas\/","title":{"rendered":"Sigue la protesta por la asignaci\u00f3n de plazas"},"content":{"rendered":"<p>Esta ma\u00f1ana continu\u00f3 la protesta de maestras egresadas de escuelas Normales del Estado y con ello tambi\u00e9n el cierre de calles del primer cuadro de la ciudad.<\/p>\n<p>Las protestas iniciaron el pasado lunes 31 de agosto, con la toma de las entradas del edificio H\u00e9roes de la Revoluci\u00f3n, luego de que d\u00edas antes expusieron inquietudes relacionadas con la asignaci\u00f3n de plazas en la Unidad del Sistema para la Carrera de las Maestras y los Maestros (Usicamm).<\/p>\n<p>El mi\u00e9rcoles escal\u00f3 la protesta con el cierre de la avenida Carranza, entre las calles Escorza y Aldama.<\/p>\n<p>La manifestaci\u00f3n tiene que ver con la asignaci\u00f3n de plazas, pues se\u00f1alaron las maestras egresadas que muchas se ofrecen de manera temporal y no definitiva.<\/p>\n<p>En el primer d\u00eda de cierre, el mi\u00e9rcoles 2 de septiembre, una de las docentes manifest\u00f3 que entregaron un documento al secretario de Educaci\u00f3n, Hugo Guti\u00e9rrez D\u00e1vila, desde el lunes 31 de agosto, con diversas inquietudes; sin embargo, no obtuvieron respuesta, dijo.<\/p>\n<p>Describi\u00f3 que de 790 aspirantes a preescolar, solamente se ofertan dos plazas definitivas y en primarias son 2 mil 314 aspirantes con 12 plazas definitivas y \u00fanicamente vacantes plazas temporales.<\/p>\n<p>tiempo.com.mx<\/p>\n","protected":false},"excerpt":{"rendered":"<p>Esta ma\u00f1ana continu\u00f3 la protesta de maestras egresadas de escuelas Normales del Estado y con ello tambi\u00e9n el cierre de calles del primer cuadro de la ciudad. Las protestas iniciaron el pasado lunes 31 de agosto, con la toma de las entradas del edificio H\u00e9roes de la Revoluci\u00f3n, luego de que d\u00edas antes expusieron inquietudes [&hellip;]<\/p>\n","protected":false},"author":6,"featured_media":32206,"comment_status":"open","ping_status":"open","sticky":false,"template":"","format":"standard","meta":{"_jetpack_memberships_contains_paid_content":false,"footnotes":"","jetpack_publicize_message":"","jetpack_publicize_feature_enabled":true,"jetpack_social_post_already_shared":true,"jetpack_social_options":{"image_generator_settings":{"template":"highway","default_image_id":0,"font":"","enabled":false},"version":2}},"categories":[17],"tags":[],"class_list":["post-32205","post","type-post","status-publish","format-standard","has-post-thumbnail","category-estado"],"aioseo_notices":[],"jetpack_publicize_connections":[],"jetpack_featured_media_url":"https:\/\/angelneri.com\/new\/wp-content\/uploads\/2026\/09\/principal_img_6973.jpg","jetpack_sharing_enabled":true,"_links":{"self":[{"href":"https:\/\/angelneri.com\/new\/wp-json\/wp\/v2\/posts\/32205","targetHints":{"allow":["GET"]}}],"collection":[{"href":"https:\/\/angelneri.com\/new\/wp-json\/wp\/v2\/posts"}],"about":[{"href":"https:\/\/angelneri.com\/new\/wp-json\/wp\/v2\/types\/post"}],"author":[{"embeddable":true,"href":"https:\/\/angelneri.com\/new\/wp-json\/wp\/v2\/users\/6"}],"replies":[{"embeddable":true,"href":"https:\/\/angelneri.com\/new\/wp-json\/wp\/v2\/comments?post=32205"}],"version-history":[{"count":1,"href":"https:\/\/angelneri.com\/new\/wp-json\/wp\/v2\/posts\/32205\/revisions"}],"predecessor-version":[{"id":32207,"href":"https:\/\/angelneri.com\/new\/wp-json\/wp\/v2\/posts\/32205\/revisions\/32207"}],"wp:featuredmedia":[{"embeddable":true,"href":"https:\/\/angelneri.com\/new\/wp-json\/wp\/v2\/media\/32206"}],"wp:attachment":[{"href":"https:\/\/angelneri.com\/new\/wp-json\/wp\/v2\/media?parent=32205"}],"wp:term":[{"taxonomy":"category","embeddable":true,"href":"https:\/\/angelneri.com\/new\/wp-json\/wp\/v2\/categories?post=32205"},{"taxonomy":"post_tag","embeddable":true,"href":"https:\/\/angelneri.com\/new\/wp-json\/wp\/v2\/tags?post=32205"}],"curies":[{"name":"wp","href":"https:\/\/api.w.org\/{rel}","templated":true}]}}