{"id":32230,"date":"2026-09-03T10:12:43","date_gmt":"2026-09-03T16:12:43","guid":{"rendered":"https:\/\/angelneri.com\/new\/?p=32230"},"modified":"2026-09-03T10:12:43","modified_gmt":"2026-09-03T16:12:43","slug":"sinaloa-detienen-a-nueve-con-armamento","status":"publish","type":"post","link":"https:\/\/angelneri.com\/new\/2026\/09\/03\/sinaloa-detienen-a-nueve-con-armamento\/","title":{"rendered":"Sinaloa: Detienen a nueve con armamento"},"content":{"rendered":"<p>Las autoridades federales detuvieron a nueve personas en el municipio de El Rosario, estado de Sinaloa, con armamento, equipo y drogas. Entre las personas arrestadas hay colombianos y cubano.<\/p>\n<p>El suceso ocurri\u00f3 el anterior lunes, 31 de agosto, cuando miembros del Ej\u00e9rcito Mexicano, Guardia Nacional, Marina-Armada, SSPC y FGR hac\u00edan patrullajes de vigilancia y reconocimiento.<\/p>\n<p>Lo asegurado fue lo siguiente:<\/p>\n<p>Un inmueble<br \/>\nNueve fusiles autom\u00e1ticos<br \/>\n54 cargadores<br \/>\n2 mil 620 cartuchos<br \/>\nCinco kilogramos de una hierba con las caracter\u00edsticas a la marihuana<br \/>\nEquipo t\u00e1ctico diverso<br \/>\nDe los nueve detenidos, hay cuatro personas originarias de Colombia y una de Cuba, \u00ablo que representa un avance significativo en las acciones para desarticular c\u00e9lulas delictivas con posible participaci\u00f3n de personas extranjeras en actividades il\u00edcitas en el pa\u00eds\u00bb.<\/p>\n<p>Los detenidos y lo asegurado fueron puestos a disposici\u00f3n de la Fiscal\u00eda General de la Rep\u00fablica para continuar con las investigaciones y acciones periciales pertinentes.<\/p>\n","protected":false},"excerpt":{"rendered":"<p>Las autoridades federales detuvieron a nueve personas en el municipio de El Rosario, estado de Sinaloa, con armamento, equipo y drogas. Entre las personas arrestadas hay colombianos y cubano. El suceso ocurri\u00f3 el anterior lunes, 31 de agosto, cuando miembros del Ej\u00e9rcito Mexicano, Guardia Nacional, Marina-Armada, SSPC y FGR hac\u00edan patrullajes de vigilancia y reconocimiento. [&hellip;]<\/p>\n","protected":false},"author":6,"featured_media":32231,"comment_status":"open","ping_status":"open","sticky":false,"template":"","format":"standard","meta":{"_jetpack_memberships_contains_paid_content":false,"footnotes":"","jetpack_publicize_message":"","jetpack_publicize_feature_enabled":true,"jetpack_social_post_already_shared":true,"jetpack_social_options":{"image_generator_settings":{"template":"highway","default_image_id":0,"font":"","enabled":false},"version":2}},"categories":[18],"tags":[],"class_list":["post-32230","post","type-post","status-publish","format-standard","has-post-thumbnail","category-nacional"],"aioseo_notices":[],"jetpack_publicize_connections":[],"jetpack_featured_media_url":"https:\/\/angelneri.com\/new\/wp-content\/uploads\/2026\/09\/principal_a.jpg","jetpack_sharing_enabled":true,"_links":{"self":[{"href":"https:\/\/angelneri.com\/new\/wp-json\/wp\/v2\/posts\/32230","targetHints":{"allow":["GET"]}}],"collection":[{"href":"https:\/\/angelneri.com\/new\/wp-json\/wp\/v2\/posts"}],"about":[{"href":"https:\/\/angelneri.com\/new\/wp-json\/wp\/v2\/types\/post"}],"author":[{"embeddable":true,"href":"https:\/\/angelneri.com\/new\/wp-json\/wp\/v2\/users\/6"}],"replies":[{"embeddable":true,"href":"https:\/\/angelneri.com\/new\/wp-json\/wp\/v2\/comments?post=32230"}],"version-history":[{"count":1,"href":"https:\/\/angelneri.com\/new\/wp-json\/wp\/v2\/posts\/32230\/revisions"}],"predecessor-version":[{"id":32232,"href":"https:\/\/angelneri.com\/new\/wp-json\/wp\/v2\/posts\/32230\/revisions\/32232"}],"wp:featuredmedia":[{"embeddable":true,"href":"https:\/\/angelneri.com\/new\/wp-json\/wp\/v2\/media\/32231"}],"wp:attachment":[{"href":"https:\/\/angelneri.com\/new\/wp-json\/wp\/v2\/media?parent=32230"}],"wp:term":[{"taxonomy":"category","embeddable":true,"href":"https:\/\/angelneri.com\/new\/wp-json\/wp\/v2\/categories?post=32230"},{"taxonomy":"post_tag","embeddable":true,"href":"https:\/\/angelneri.com\/new\/wp-json\/wp\/v2\/tags?post=32230"}],"curies":[{"name":"wp","href":"https:\/\/api.w.org\/{rel}","templated":true}]}}