{"id":32246,"date":"2026-09-03T11:23:55","date_gmt":"2026-09-03T17:23:55","guid":{"rendered":"https:\/\/angelneri.com\/new\/?p=32246"},"modified":"2026-09-03T11:23:55","modified_gmt":"2026-09-03T17:23:55","slug":"isaac-del-toro-liderara-a-mexico-en-el-mundial-de-ciclismo-2026-en-montreal","status":"publish","type":"post","link":"https:\/\/angelneri.com\/new\/2026\/09\/03\/isaac-del-toro-liderara-a-mexico-en-el-mundial-de-ciclismo-2026-en-montreal\/","title":{"rendered":"Isaac del Toro liderar\u00e1 a M\u00e9xico en el Mundial de Ciclismo 2026 en Montreal"},"content":{"rendered":"<p>El reconocido ciclista Isaac del Toro liderar\u00e1 al equipo mexicano que participar\u00e1 en el pr\u00f3ximo Campeonato Mundial de Ciclismo de Ruta UCI 2026, que tendr\u00e1 lugar en Montreal, Canad\u00e1.<\/p>\n<p>La edici\u00f3n de este a\u00f1o se disputar\u00e1 en carreteras del territorio canadiense, que se alistan para recibir a lo m\u00e1s selecto del ciclismo internacional, y M\u00e9xico llegar\u00e1 con una de sus alineaciones m\u00e1s consolidadas de los \u00faltimos a\u00f1os, comandados por \u00abTorito\u00bb, quien buscar\u00e1 seguir haciendo historia para el deporte nacional.<\/p>\n<p>El Mundial ser\u00e1 del 20 al 27 de septiembre, cuando el tricolor buscar\u00e1 dejar huella en las pruebas de ruta y contrarreloj, con una generaci\u00f3n de competidores muy completa que tiene al bajacaliforniano como su principal exponente.<\/p>\n<p>\u00bfQui\u00e9nes acompa\u00f1ar\u00e1n a Isaac del Toro en el Mundial de Ciclismo 2026?<br \/>\nEl corredor del UAE Team Emirates estar\u00e1 a la cabeza del contingente azteca para la prueba de fondo \u00c9lite Varonil, pactada para recorrer 273.7 kil\u00f3metros el domingo 27 de septiembre en el m\u00edtico trazado alrededor del Mont-Royal.<\/p>\n<p>Para proteger y respaldar al de Ensenada en el exigente recorrido canadiense, la Uni\u00f3n Ciclista de M\u00e9xico estructur\u00f3 un bloque de gregarios y rodadores de experiencia internacional con \u00c9der Frayre, elemento de amplio recorrido en el circuito continental; \u00c9dgar \u00abChucky\u00bb Cadena, especialista de media monta\u00f1a con rodaje en el ciclismo europeo que estuvo cerca de Del Toro en su triunfo de la Vuelta a Alemania; Ulises Castillo, rodador clave para labores de desgaste y control; Jos\u00e9 Antonio Esc\u00e1rcega, aporte fundamental en terreno en ascenso; Carlos Garc\u00eda, pieza t\u00e9cnica en el plano y falso llano, y Tom\u00e1s Aguirre, pieza de soporte t\u00e1ctico para las vueltas finales.<\/p>\n","protected":false},"excerpt":{"rendered":"<p>El reconocido ciclista Isaac del Toro liderar\u00e1 al equipo mexicano que participar\u00e1 en el pr\u00f3ximo Campeonato Mundial de Ciclismo de Ruta UCI 2026, que tendr\u00e1 lugar en Montreal, Canad\u00e1. La edici\u00f3n de este a\u00f1o se disputar\u00e1 en carreteras del territorio canadiense, que se alistan para recibir a lo m\u00e1s selecto del ciclismo internacional, y M\u00e9xico [&hellip;]<\/p>\n","protected":false},"author":6,"featured_media":32247,"comment_status":"open","ping_status":"open","sticky":false,"template":"","format":"standard","meta":{"_jetpack_memberships_contains_paid_content":false,"footnotes":"","jetpack_publicize_message":"","jetpack_publicize_feature_enabled":true,"jetpack_social_post_already_shared":true,"jetpack_social_options":{"image_generator_settings":{"template":"highway","default_image_id":0,"font":"","enabled":false},"version":2}},"categories":[18],"tags":[],"class_list":["post-32246","post","type-post","status-publish","format-standard","has-post-thumbnail","category-nacional"],"aioseo_notices":[],"jetpack_publicize_connections":[],"jetpack_featured_media_url":"https:\/\/angelneri.com\/new\/wp-content\/uploads\/2026\/09\/Captura-de-pantalla-2026-09-03-112220.png","jetpack_sharing_enabled":true,"_links":{"self":[{"href":"https:\/\/angelneri.com\/new\/wp-json\/wp\/v2\/posts\/32246","targetHints":{"allow":["GET"]}}],"collection":[{"href":"https:\/\/angelneri.com\/new\/wp-json\/wp\/v2\/posts"}],"about":[{"href":"https:\/\/angelneri.com\/new\/wp-json\/wp\/v2\/types\/post"}],"author":[{"embeddable":true,"href":"https:\/\/angelneri.com\/new\/wp-json\/wp\/v2\/users\/6"}],"replies":[{"embeddable":true,"href":"https:\/\/angelneri.com\/new\/wp-json\/wp\/v2\/comments?post=32246"}],"version-history":[{"count":1,"href":"https:\/\/angelneri.com\/new\/wp-json\/wp\/v2\/posts\/32246\/revisions"}],"predecessor-version":[{"id":32248,"href":"https:\/\/angelneri.com\/new\/wp-json\/wp\/v2\/posts\/32246\/revisions\/32248"}],"wp:featuredmedia":[{"embeddable":true,"href":"https:\/\/angelneri.com\/new\/wp-json\/wp\/v2\/media\/32247"}],"wp:attachment":[{"href":"https:\/\/angelneri.com\/new\/wp-json\/wp\/v2\/media?parent=32246"}],"wp:term":[{"taxonomy":"category","embeddable":true,"href":"https:\/\/angelneri.com\/new\/wp-json\/wp\/v2\/categories?post=32246"},{"taxonomy":"post_tag","embeddable":true,"href":"https:\/\/angelneri.com\/new\/wp-json\/wp\/v2\/tags?post=32246"}],"curies":[{"name":"wp","href":"https:\/\/api.w.org\/{rel}","templated":true}]}}