{"id":32273,"date":"2026-09-03T14:39:32","date_gmt":"2026-09-03T20:39:32","guid":{"rendered":"https:\/\/angelneri.com\/new\/?p=32273"},"modified":"2026-09-03T14:39:32","modified_gmt":"2026-09-03T20:39:32","slug":"detienen-en-puebla-a-el-amarillo-presunto-lider-de-los-rusos","status":"publish","type":"post","link":"https:\/\/angelneri.com\/new\/2026\/09\/03\/detienen-en-puebla-a-el-amarillo-presunto-lider-de-los-rusos\/","title":{"rendered":"Detienen en Puebla a &#8216;El Amarillo&#8217;, presunto l\u00edder de Los Rusos"},"content":{"rendered":"<p>Omar Garc\u00eda Harfuch, secretario de Seguridad, confirm\u00f3 la detenci\u00f3n en Puebla de Gov\u00e9n Ulisses \u201cN\u201d, alias \u201cEl Amarillo\u201d o \u201cGob\u00e9n\u201d, se\u00f1alado como presunto l\u00edder de una c\u00e9lula vinculada con Los Rusos.<\/p>\n<p>El funcionario inform\u00f3 que el detenido era un objetivo prioritario y uno de los principales generadores de violencia de la organizaci\u00f3n, con presencia principalmente en Acapulco, Guerrero.<\/p>\n<p>\u201cEl Amarillo\u201d es se\u00f1alado por su presunta relaci\u00f3n con extorsi\u00f3n, secuestro, privaci\u00f3n ilegal de la libertad, homicidio y tr\u00e1fico y distribuci\u00f3n de drogas.<\/p>\n<p>Durante el operativo tambi\u00e9n fueron detenidos dos hombres identificados como sus escoltas. Adem\u00e1s, las autoridades aseguraron armas, drogas y veh\u00edculos de lujo.<\/p>\n<p>La captura fue realizada por fuerzas federales y autoridades de Puebla y Guerrero. De manera simult\u00e1nea se efectuaron cateos en distintos puntos como parte de las investigaciones.<\/p>\n","protected":false},"excerpt":{"rendered":"<p>Omar Garc\u00eda Harfuch, secretario de Seguridad, confirm\u00f3 la detenci\u00f3n en Puebla de Gov\u00e9n Ulisses \u201cN\u201d, alias \u201cEl Amarillo\u201d o \u201cGob\u00e9n\u201d, se\u00f1alado como presunto l\u00edder de una c\u00e9lula vinculada con Los Rusos. El funcionario inform\u00f3 que el detenido era un objetivo prioritario y uno de los principales generadores de violencia de la organizaci\u00f3n, con presencia principalmente [&hellip;]<\/p>\n","protected":false},"author":6,"featured_media":32274,"comment_status":"open","ping_status":"open","sticky":false,"template":"","format":"standard","meta":{"_jetpack_memberships_contains_paid_content":false,"footnotes":"","jetpack_publicize_message":"","jetpack_publicize_feature_enabled":true,"jetpack_social_post_already_shared":true,"jetpack_social_options":{"image_generator_settings":{"template":"highway","default_image_id":0,"font":"","enabled":false},"version":2}},"categories":[18],"tags":[],"class_list":["post-32273","post","type-post","status-publish","format-standard","has-post-thumbnail","category-nacional"],"aioseo_notices":[],"jetpack_publicize_connections":[],"jetpack_featured_media_url":"https:\/\/angelneri.com\/new\/wp-content\/uploads\/2026\/09\/principal_descarga-60.jpg","jetpack_sharing_enabled":true,"_links":{"self":[{"href":"https:\/\/angelneri.com\/new\/wp-json\/wp\/v2\/posts\/32273","targetHints":{"allow":["GET"]}}],"collection":[{"href":"https:\/\/angelneri.com\/new\/wp-json\/wp\/v2\/posts"}],"about":[{"href":"https:\/\/angelneri.com\/new\/wp-json\/wp\/v2\/types\/post"}],"author":[{"embeddable":true,"href":"https:\/\/angelneri.com\/new\/wp-json\/wp\/v2\/users\/6"}],"replies":[{"embeddable":true,"href":"https:\/\/angelneri.com\/new\/wp-json\/wp\/v2\/comments?post=32273"}],"version-history":[{"count":1,"href":"https:\/\/angelneri.com\/new\/wp-json\/wp\/v2\/posts\/32273\/revisions"}],"predecessor-version":[{"id":32275,"href":"https:\/\/angelneri.com\/new\/wp-json\/wp\/v2\/posts\/32273\/revisions\/32275"}],"wp:featuredmedia":[{"embeddable":true,"href":"https:\/\/angelneri.com\/new\/wp-json\/wp\/v2\/media\/32274"}],"wp:attachment":[{"href":"https:\/\/angelneri.com\/new\/wp-json\/wp\/v2\/media?parent=32273"}],"wp:term":[{"taxonomy":"category","embeddable":true,"href":"https:\/\/angelneri.com\/new\/wp-json\/wp\/v2\/categories?post=32273"},{"taxonomy":"post_tag","embeddable":true,"href":"https:\/\/angelneri.com\/new\/wp-json\/wp\/v2\/tags?post=32273"}],"curies":[{"name":"wp","href":"https:\/\/api.w.org\/{rel}","templated":true}]}}