{"id":32282,"date":"2026-09-03T15:31:43","date_gmt":"2026-09-03T21:31:43","guid":{"rendered":"https:\/\/angelneri.com\/new\/?p=32282"},"modified":"2026-09-03T15:31:43","modified_gmt":"2026-09-03T21:31:43","slug":"concluye-fdzc-primera-fase-de-rastreo-en-la-laguna-el-tres-del-municipio-de-madera","status":"publish","type":"post","link":"https:\/\/angelneri.com\/new\/2026\/09\/03\/concluye-fdzc-primera-fase-de-rastreo-en-la-laguna-el-tres-del-municipio-de-madera\/","title":{"rendered":"Concluye FDZC primera fase de rastreo en la Laguna El Tres del municipio de Madera"},"content":{"rendered":"<p>La Fiscal\u00eda de Distrito Zona Occidente, concluy\u00f3 la primera fase de los trabajos de rastreo en el lugar conocido como Laguna El Tres en el Municipio de Madera, en donde se localizaron restos \u00f3seos y objetos de inter\u00e9s criminal\u00edstica.<\/p>\n<p>En el operativo efectuado durante dos d\u00edas, participaron agentes del Ministerio P\u00fablico de la Unidad de Investigaci\u00f3n de Personas Desaparecidas y\/o Ausentes, elementos de la Agencia Estatal de Investigaci\u00f3n, as\u00ed como un perito especialista en criminal\u00edstica de campo y fosas clandestinas.<\/p>\n<p>En martes 01 de septiembre, el rastreo en un espacio de tres kil\u00f3metros aproximadamente, localiz\u00f3 seis c\u00edrculos de alambre de llantas quemadas, siete casquillos de arma de fuego calibres 7.62 x 39 mil\u00edmetros, un anillo de metal en color plateado con piedra en color blanco, unas esposas policiales y m\u00faltiples fragmentos humanos con alteraci\u00f3n t\u00e9rmica.<\/p>\n<p>Mientras que ayer mi\u00e9rcoles, durante un recorrido pedestre por un espacio de aproximadamente un kil\u00f3metro, se encontraron m\u00faltiples fragmentos \u00f3seos humanos, dos ojivas de calibre a determinar, un piercing y\/o arete de metal en color plata y un candado de mano en color plata, que ser\u00e1n analizados en los laboratorios de Servicios Periciales.<\/p>\n<p>La Fiscal\u00eda General del Estado trabaja de manera permanente en la b\u00fasqueda y localizaci\u00f3n de personas desaparecidas, a fin de brindar tranquilidad y certeza a sus familias.<\/p>\n","protected":false},"excerpt":{"rendered":"<p>La Fiscal\u00eda de Distrito Zona Occidente, concluy\u00f3 la primera fase de los trabajos de rastreo en el lugar conocido como Laguna El Tres en el Municipio de Madera, en donde se localizaron restos \u00f3seos y objetos de inter\u00e9s criminal\u00edstica. En el operativo efectuado durante dos d\u00edas, participaron agentes del Ministerio P\u00fablico de la Unidad de [&hellip;]<\/p>\n","protected":false},"author":6,"featured_media":32283,"comment_status":"open","ping_status":"open","sticky":false,"template":"","format":"standard","meta":{"_jetpack_memberships_contains_paid_content":false,"footnotes":"","jetpack_publicize_message":"","jetpack_publicize_feature_enabled":true,"jetpack_social_post_already_shared":true,"jetpack_social_options":{"image_generator_settings":{"template":"highway","default_image_id":0,"font":"","enabled":false},"version":2}},"categories":[17],"tags":[],"class_list":["post-32282","post","type-post","status-publish","format-standard","has-post-thumbnail","category-estado"],"aioseo_notices":[],"jetpack_publicize_connections":[],"jetpack_featured_media_url":"https:\/\/angelneri.com\/new\/wp-content\/uploads\/2026\/09\/60da797a-9d65-4a55-a394-ae1f9edacf7a.jpg","jetpack_sharing_enabled":true,"_links":{"self":[{"href":"https:\/\/angelneri.com\/new\/wp-json\/wp\/v2\/posts\/32282","targetHints":{"allow":["GET"]}}],"collection":[{"href":"https:\/\/angelneri.com\/new\/wp-json\/wp\/v2\/posts"}],"about":[{"href":"https:\/\/angelneri.com\/new\/wp-json\/wp\/v2\/types\/post"}],"author":[{"embeddable":true,"href":"https:\/\/angelneri.com\/new\/wp-json\/wp\/v2\/users\/6"}],"replies":[{"embeddable":true,"href":"https:\/\/angelneri.com\/new\/wp-json\/wp\/v2\/comments?post=32282"}],"version-history":[{"count":1,"href":"https:\/\/angelneri.com\/new\/wp-json\/wp\/v2\/posts\/32282\/revisions"}],"predecessor-version":[{"id":32284,"href":"https:\/\/angelneri.com\/new\/wp-json\/wp\/v2\/posts\/32282\/revisions\/32284"}],"wp:featuredmedia":[{"embeddable":true,"href":"https:\/\/angelneri.com\/new\/wp-json\/wp\/v2\/media\/32283"}],"wp:attachment":[{"href":"https:\/\/angelneri.com\/new\/wp-json\/wp\/v2\/media?parent=32282"}],"wp:term":[{"taxonomy":"category","embeddable":true,"href":"https:\/\/angelneri.com\/new\/wp-json\/wp\/v2\/categories?post=32282"},{"taxonomy":"post_tag","embeddable":true,"href":"https:\/\/angelneri.com\/new\/wp-json\/wp\/v2\/tags?post=32282"}],"curies":[{"name":"wp","href":"https:\/\/api.w.org\/{rel}","templated":true}]}}