{"id":32299,"date":"2026-09-04T09:00:56","date_gmt":"2026-09-04T15:00:56","guid":{"rendered":"https:\/\/angelneri.com\/new\/?p=32299"},"modified":"2026-09-04T09:00:56","modified_gmt":"2026-09-04T15:00:56","slug":"aclara-educacion-reglas-para-proceso-de-admision-2026-2027-y-garantiza-transparencia-en-asignacion-de-espacios-docentes","status":"publish","type":"post","link":"https:\/\/angelneri.com\/new\/2026\/09\/04\/aclara-educacion-reglas-para-proceso-de-admision-2026-2027-y-garantiza-transparencia-en-asignacion-de-espacios-docentes\/","title":{"rendered":"Aclara Educaci\u00f3n reglas para proceso de Admisi\u00f3n 2026-2027 y garantiza transparencia en asignaci\u00f3n de espacios docentes"},"content":{"rendered":"<p>Ante las manifestaciones e inquietudes expresadas por participantes del Proceso de Admisi\u00f3n Docente 2026-2027, la Secretar\u00eda de Educaci\u00f3n y Deporte (SEyD) informa que el Gobierno del Estado ha mantenido en todo momento disposici\u00f3n al di\u00e1logo y ha brindado atenci\u00f3n directa a las participantes.<\/p>\n<p>Lo anterior con el prop\u00f3sito de explicar los criterios normativos, presupuestales y t\u00e9cnicos que determinan la asignaci\u00f3n de plazas y espacios docentes.<\/p>\n<p>Personal de la Secretar\u00eda atendi\u00f3 las demandas planteadas y explic\u00f3 que el proceso de Admisi\u00f3n no es un procedimiento determinado de forma unilateral por el Gobierno del Estado, sino que es parte de un mecanismo nacional establecido por la Secretar\u00eda de Educaci\u00f3n P\u00fablica (SEP) y la Unidad del Sistema para la Carrera de las Maestras y los Maestros (USICAMM), cuyas disposiciones deben ser observadas por las autoridades educativas estatales.<\/p>\n<p>En este sentido, la SEyD precisa que no se est\u00e1n reservando, ocultando ni reteniendo plazas definitivas. La disponibilidad de una plaza y la posibilidad de ofertarla en un determinado centro de trabajo dependen de diversos factores que deben ser revisados antes de su asignaci\u00f3n.<\/p>\n<p>Cuando se genera una vacante por jubilaci\u00f3n, renuncia, defunci\u00f3n, promoci\u00f3n, cambio de adscripci\u00f3n u otra causa, esta no puede asignarse autom\u00e1ticamente de manera definitiva en el mismo plantel.<\/p>\n<p>Previamente debe verificarse la disponibilidad presupuestal, la plantilla autorizada, la infraestructura y, principalmente, las necesidades reales del servicio educativo.<\/p>\n<p>Adem\u00e1s, conforme a la normatividad vigente, antes de llegar a la etapa de Admisi\u00f3n deben atenderse otros factores como cambios de centro de trabajo, readscripciones, promociones y aquellos derivados de situaciones de inseguridad, salud o determinaciones jur\u00eddicas.<\/p>\n<p>\u00danicamente las vacantes que permanecen disponibles despu\u00e9s de estas etapas pueden ser consideradas para el proceso de Admisi\u00f3n.<\/p>\n<p>Es preciso tambi\u00e9n aclarar la diferencia entre una plaza vacante y un espacio vacante. La primera corresponde a una unidad presupuestal autorizada, con una clave y recursos asignados, que puede tener car\u00e1cter definitivo o temporal, en tanto la segunda representa la necesidad de contar con personal docente en un grupo o plantel determinado.<\/p>\n<p>Esta necesidad se establece con base en factores como la matr\u00edcula, la estructura ocupacional autorizada y las relaciones alumno-maestro y alumno-grupo.<\/p>\n<p>Por ello, que un plantel requiera un docente no significa autom\u00e1ticamente que exista una plaza definitiva disponible para asignarse de manera permanente en esa escuela.<\/p>\n<p>Adicionalmente es necesario considerar que la disminuci\u00f3n de matr\u00edcula impacta en la disponibilidad de espacios. Del ciclo escolar 2025-2026 al presente, la matr\u00edcula en el estado disminuy\u00f3 en m\u00e1s de 45 mil estudiantes, situaci\u00f3n que necesariamente impacta en la estructura ocupacional, en la distribuci\u00f3n de docentes y en la disponibilidad de espacios dentro de los planteles.<\/p>\n<p>Por ello, la autoridad educativa debe garantizar que los recursos docentes se asignen donde realmente existe una necesidad del servicio y evitar asignaciones que posteriormente no correspondan con la matr\u00edcula o la estructura autorizada.<\/p>\n<p>La Secretar\u00eda de Educaci\u00f3n y Deporte reitera que las puertas permanecen abiertas al di\u00e1logo y que continuar\u00e1 atendiendo las inquietudes de las y los participantes.<\/p>\n<p>El Gobierno del Estado reconoce y respeta el derecho a la manifestaci\u00f3n, pero tambi\u00e9n considera indispensable que la informaci\u00f3n sobre el proceso se conozca con claridad:<\/p>\n<p>Las reglas de Admisi\u00f3n son establecidas por la autoridad educativa federal y la SEyD act\u00faa conforme a esos lineamientos, atendiendo adem\u00e1s las necesidades reales del sistema educativo estatal.<\/p>\n<p>La prioridad de Chihuahua es garantizar que cada grupo cuente con una maestra o un maestro, que los recursos p\u00fablicos destinados a educaci\u00f3n sean utilizados responsablemente y que las asignaciones se realicen con transparencia, apego a la normatividad y respeto a los derechos de quienes participan en el proceso.<\/p>\n","protected":false},"excerpt":{"rendered":"<p>Ante las manifestaciones e inquietudes expresadas por participantes del Proceso de Admisi\u00f3n Docente 2026-2027, la Secretar\u00eda de Educaci\u00f3n y Deporte (SEyD) informa que el Gobierno del Estado ha mantenido en todo momento disposici\u00f3n al di\u00e1logo y ha brindado atenci\u00f3n directa a las participantes. Lo anterior con el prop\u00f3sito de explicar los criterios normativos, presupuestales y [&hellip;]<\/p>\n","protected":false},"author":6,"featured_media":32300,"comment_status":"open","ping_status":"open","sticky":false,"template":"","format":"standard","meta":{"_jetpack_memberships_contains_paid_content":false,"footnotes":"","jetpack_publicize_message":"","jetpack_publicize_feature_enabled":true,"jetpack_social_post_already_shared":true,"jetpack_social_options":{"image_generator_settings":{"template":"highway","default_image_id":0,"font":"","enabled":false},"version":2}},"categories":[17],"tags":[],"class_list":["post-32299","post","type-post","status-publish","format-standard","has-post-thumbnail","category-estado"],"aioseo_notices":[],"jetpack_publicize_connections":[],"jetpack_featured_media_url":"https:\/\/angelneri.com\/new\/wp-content\/uploads\/2026\/09\/Captura-de-pantalla-2026-09-04-085849.png","jetpack_sharing_enabled":true,"_links":{"self":[{"href":"https:\/\/angelneri.com\/new\/wp-json\/wp\/v2\/posts\/32299","targetHints":{"allow":["GET"]}}],"collection":[{"href":"https:\/\/angelneri.com\/new\/wp-json\/wp\/v2\/posts"}],"about":[{"href":"https:\/\/angelneri.com\/new\/wp-json\/wp\/v2\/types\/post"}],"author":[{"embeddable":true,"href":"https:\/\/angelneri.com\/new\/wp-json\/wp\/v2\/users\/6"}],"replies":[{"embeddable":true,"href":"https:\/\/angelneri.com\/new\/wp-json\/wp\/v2\/comments?post=32299"}],"version-history":[{"count":1,"href":"https:\/\/angelneri.com\/new\/wp-json\/wp\/v2\/posts\/32299\/revisions"}],"predecessor-version":[{"id":32301,"href":"https:\/\/angelneri.com\/new\/wp-json\/wp\/v2\/posts\/32299\/revisions\/32301"}],"wp:featuredmedia":[{"embeddable":true,"href":"https:\/\/angelneri.com\/new\/wp-json\/wp\/v2\/media\/32300"}],"wp:attachment":[{"href":"https:\/\/angelneri.com\/new\/wp-json\/wp\/v2\/media?parent=32299"}],"wp:term":[{"taxonomy":"category","embeddable":true,"href":"https:\/\/angelneri.com\/new\/wp-json\/wp\/v2\/categories?post=32299"},{"taxonomy":"post_tag","embeddable":true,"href":"https:\/\/angelneri.com\/new\/wp-json\/wp\/v2\/tags?post=32299"}],"curies":[{"name":"wp","href":"https:\/\/api.w.org\/{rel}","templated":true}]}}