{"id":32306,"date":"2026-09-04T09:18:12","date_gmt":"2026-09-04T15:18:12","guid":{"rendered":"https:\/\/angelneri.com\/new\/?p=32306"},"modified":"2026-09-04T09:18:12","modified_gmt":"2026-09-04T15:18:12","slug":"cae-rayo-y-mata-a-tres-personas-en-guadalupe-y-calvo","status":"publish","type":"post","link":"https:\/\/angelneri.com\/new\/2026\/09\/04\/cae-rayo-y-mata-a-tres-personas-en-guadalupe-y-calvo\/","title":{"rendered":"Cae rayo y mata a tres personas en Guadalupe y Calvo"},"content":{"rendered":"<p>Dos mujeres y un ni\u00f1o de siete a\u00f1os perdieron la vida luego de ser alcanzados por un rayo mientras realizaban labores de reforestaci\u00f3n en la comunidad de Puerto Talayotes, municipio de Guadalupe y Calvo.<\/p>\n<p>El hecho ocurri\u00f3 durante la jornada del d\u00eda anterior, cuando las v\u00edctimas se encontraban trabajando en un predio de la comunidad y se registr\u00f3 una tormenta el\u00e9ctrica.<\/p>\n<p>De acuerdo con las primeras investigaciones, una descarga atmosf\u00e9rica las alcanz\u00f3, provoc\u00e1ndoles la muerte.<\/p>\n<p>Tras recibir el reporte, elementos de la Agencia Estatal de Investigaci\u00f3n acudieron al lugar y localizaron los cuerpos de las tres personas.<\/p>\n<p>Las v\u00edctimas fueron identificadas como Sara M.C., de 22 a\u00f1os; Estela M.C., de 27 a\u00f1os, y un menor de iniciales A.P.C., de siete a\u00f1os.<\/p>\n<p>Personal de la Unidad de Servicios Periciales realiz\u00f3 el procesamiento de la escena y llev\u00f3 a cabo las diligencias correspondientes para documentar las circunstancias en que ocurri\u00f3 el incidente.<\/p>\n<p>Posteriormente, los cuerpos fueron trasladados a un anfiteatro de la localidad, donde se practicar\u00edan las necropsias de ley para establecer oficialmente las causas de muerte.<\/p>\n<p>Las autoridades contin\u00faan con la integraci\u00f3n de la carpeta de investigaci\u00f3n.<\/p>\n","protected":false},"excerpt":{"rendered":"<p>Dos mujeres y un ni\u00f1o de siete a\u00f1os perdieron la vida luego de ser alcanzados por un rayo mientras realizaban labores de reforestaci\u00f3n en la comunidad de Puerto Talayotes, municipio de Guadalupe y Calvo. El hecho ocurri\u00f3 durante la jornada del d\u00eda anterior, cuando las v\u00edctimas se encontraban trabajando en un predio de la comunidad [&hellip;]<\/p>\n","protected":false},"author":6,"featured_media":32307,"comment_status":"open","ping_status":"open","sticky":false,"template":"","format":"standard","meta":{"_jetpack_memberships_contains_paid_content":false,"footnotes":"","jetpack_publicize_message":"","jetpack_publicize_feature_enabled":true,"jetpack_social_post_already_shared":true,"jetpack_social_options":{"image_generator_settings":{"template":"highway","default_image_id":0,"font":"","enabled":false},"version":2}},"categories":[17],"tags":[],"class_list":["post-32306","post","type-post","status-publish","format-standard","has-post-thumbnail","category-estado"],"aioseo_notices":[],"jetpack_publicize_connections":[],"jetpack_featured_media_url":"https:\/\/angelneri.com\/new\/wp-content\/uploads\/2026\/09\/principal_771795763_1410608927585021_4284812185119508902_n.jpg","jetpack_sharing_enabled":true,"_links":{"self":[{"href":"https:\/\/angelneri.com\/new\/wp-json\/wp\/v2\/posts\/32306","targetHints":{"allow":["GET"]}}],"collection":[{"href":"https:\/\/angelneri.com\/new\/wp-json\/wp\/v2\/posts"}],"about":[{"href":"https:\/\/angelneri.com\/new\/wp-json\/wp\/v2\/types\/post"}],"author":[{"embeddable":true,"href":"https:\/\/angelneri.com\/new\/wp-json\/wp\/v2\/users\/6"}],"replies":[{"embeddable":true,"href":"https:\/\/angelneri.com\/new\/wp-json\/wp\/v2\/comments?post=32306"}],"version-history":[{"count":1,"href":"https:\/\/angelneri.com\/new\/wp-json\/wp\/v2\/posts\/32306\/revisions"}],"predecessor-version":[{"id":32308,"href":"https:\/\/angelneri.com\/new\/wp-json\/wp\/v2\/posts\/32306\/revisions\/32308"}],"wp:featuredmedia":[{"embeddable":true,"href":"https:\/\/angelneri.com\/new\/wp-json\/wp\/v2\/media\/32307"}],"wp:attachment":[{"href":"https:\/\/angelneri.com\/new\/wp-json\/wp\/v2\/media?parent=32306"}],"wp:term":[{"taxonomy":"category","embeddable":true,"href":"https:\/\/angelneri.com\/new\/wp-json\/wp\/v2\/categories?post=32306"},{"taxonomy":"post_tag","embeddable":true,"href":"https:\/\/angelneri.com\/new\/wp-json\/wp\/v2\/tags?post=32306"}],"curies":[{"name":"wp","href":"https:\/\/api.w.org\/{rel}","templated":true}]}}