{"id":32309,"date":"2026-09-04T09:20:05","date_gmt":"2026-09-04T15:20:05","guid":{"rendered":"https:\/\/angelneri.com\/new\/?p=32309"},"modified":"2026-09-04T09:20:05","modified_gmt":"2026-09-04T15:20:05","slug":"enfrentamiento-en-valle-de-allende-deja-un-militar-herido","status":"publish","type":"post","link":"https:\/\/angelneri.com\/new\/2026\/09\/04\/enfrentamiento-en-valle-de-allende-deja-un-militar-herido\/","title":{"rendered":"Enfrentamiento en Valle de Allende deja un militar herido"},"content":{"rendered":"<p>Un enfrentamiento armado entre civiles armados y militares en Talamantes, municipio de Valle de Allende, dej\u00f3 como saldo preliminar a un elemento de la Secretar\u00eda de la Defensa Nacional con lesiones por esquirlas.<\/p>\n<p>De manera extraoficial trascendi\u00f3 que las lesiones provocadas durante la refriega no representaron de gravedad para la salud del efectivo del Ej\u00e9rcito mexicano.<\/p>\n<p>Bajo un dispositivo de seguridad, el oficial herido fue trasladado al Hospital General del Parral, donde recibir\u00e1 la atenci\u00f3n m\u00e9dica necesaria.<\/p>\n<p>Fueron en varias partes del cuerpo donde sufri\u00f3 las lesiones por esquirlas.<\/p>\n<p>Tras el enfrentamiento armado, se gener\u00f3 un despliegue de elementos de diversas corporaciones de seguridad para dar atenci\u00f3n a este suceso.<\/p>\n<p>tiempo.com.mx<\/p>\n","protected":false},"excerpt":{"rendered":"<p>Un enfrentamiento armado entre civiles armados y militares en Talamantes, municipio de Valle de Allende, dej\u00f3 como saldo preliminar a un elemento de la Secretar\u00eda de la Defensa Nacional con lesiones por esquirlas. De manera extraoficial trascendi\u00f3 que las lesiones provocadas durante la refriega no representaron de gravedad para la salud del efectivo del Ej\u00e9rcito [&hellip;]<\/p>\n","protected":false},"author":6,"featured_media":32310,"comment_status":"open","ping_status":"open","sticky":false,"template":"","format":"standard","meta":{"_jetpack_memberships_contains_paid_content":false,"footnotes":"","jetpack_publicize_message":"","jetpack_publicize_feature_enabled":true,"jetpack_social_post_already_shared":true,"jetpack_social_options":{"image_generator_settings":{"template":"highway","default_image_id":0,"font":"","enabled":false},"version":2}},"categories":[17],"tags":[],"class_list":["post-32309","post","type-post","status-publish","format-standard","has-post-thumbnail","category-estado"],"aioseo_notices":[],"jetpack_publicize_connections":[],"jetpack_featured_media_url":"https:\/\/angelneri.com\/new\/wp-content\/uploads\/2026\/09\/principal_whatsapp-image-2026-09-04-at-75050-am.jpg","jetpack_sharing_enabled":true,"_links":{"self":[{"href":"https:\/\/angelneri.com\/new\/wp-json\/wp\/v2\/posts\/32309","targetHints":{"allow":["GET"]}}],"collection":[{"href":"https:\/\/angelneri.com\/new\/wp-json\/wp\/v2\/posts"}],"about":[{"href":"https:\/\/angelneri.com\/new\/wp-json\/wp\/v2\/types\/post"}],"author":[{"embeddable":true,"href":"https:\/\/angelneri.com\/new\/wp-json\/wp\/v2\/users\/6"}],"replies":[{"embeddable":true,"href":"https:\/\/angelneri.com\/new\/wp-json\/wp\/v2\/comments?post=32309"}],"version-history":[{"count":2,"href":"https:\/\/angelneri.com\/new\/wp-json\/wp\/v2\/posts\/32309\/revisions"}],"predecessor-version":[{"id":32312,"href":"https:\/\/angelneri.com\/new\/wp-json\/wp\/v2\/posts\/32309\/revisions\/32312"}],"wp:featuredmedia":[{"embeddable":true,"href":"https:\/\/angelneri.com\/new\/wp-json\/wp\/v2\/media\/32310"}],"wp:attachment":[{"href":"https:\/\/angelneri.com\/new\/wp-json\/wp\/v2\/media?parent=32309"}],"wp:term":[{"taxonomy":"category","embeddable":true,"href":"https:\/\/angelneri.com\/new\/wp-json\/wp\/v2\/categories?post=32309"},{"taxonomy":"post_tag","embeddable":true,"href":"https:\/\/angelneri.com\/new\/wp-json\/wp\/v2\/tags?post=32309"}],"curies":[{"name":"wp","href":"https:\/\/api.w.org\/{rel}","templated":true}]}}