{"id":32323,"date":"2026-09-04T09:48:57","date_gmt":"2026-09-04T15:48:57","guid":{"rendered":"https:\/\/angelneri.com\/new\/?p=32323"},"modified":"2026-09-04T09:48:57","modified_gmt":"2026-09-04T15:48:57","slug":"convoca-ine-a-ciudadanos-para-observadores-en-elecciones-del-2027","status":"publish","type":"post","link":"https:\/\/angelneri.com\/new\/2026\/09\/04\/convoca-ine-a-ciudadanos-para-observadores-en-elecciones-del-2027\/","title":{"rendered":"Convoca INE a ciudadanos para observadores en elecciones del 2027"},"content":{"rendered":"<p>El Instituto Nacional Electoral abri\u00f3 la convocatoria para que la ciudadan\u00eda participe como observadora electoral durante el Proceso Electoral Concurrente 2026-2027, as\u00ed como, en su caso, en las elecciones extraordinarias que pudieran derivarse de este proceso.<\/p>\n<p>Las personas interesadas podr\u00e1n presentar su solicitud del 10 de septiembre de 2026 al 10 de mayo de 2027, de manera individual o a trav\u00e9s de una organizaci\u00f3n. El registro podr\u00e1 realizarse de forma presencial en las Juntas Locales y Distritales Ejecutivas del INE y en las oficinas de los Organismos P\u00fablicos Locales, as\u00ed como mediante el Portal de Observaci\u00f3n Electoral.<\/p>\n<p>La observaci\u00f3n electoral constituye un derecho de la ciudadan\u00eda mexicana que permite conocer y dar seguimiento a los actos de preparaci\u00f3n y desarrollo de las elecciones, adem\u00e1s de las actividades que se realizan durante la Jornada Electoral.<\/p>\n<p>De acuerdo con el INE, la participaci\u00f3n ciudadana en estas tareas contribuye a transparentar el trabajo de las autoridades electorales, fortalecer la certeza de los resultados y consolidar la confianza de la poblaci\u00f3n en los procesos democr\u00e1ticos.<\/p>\n<p>Tambi\u00e9n podr\u00e1n participar ciudadanas y ciudadanos mexicanos residentes en el extranjero. En caso de que sus solicitudes sean aprobadas, podr\u00e1n generar mediante el propio portal su constancia de acreditaci\u00f3n y gafete de identificaci\u00f3n.<\/p>\n<p>Para obtener la acreditaci\u00f3n, las personas solicitantes deber\u00e1n cumplir con los requisitos establecidos en la legislaci\u00f3n electoral, presentar la documentaci\u00f3n correspondiente, manifestar que desarrollar\u00e1n sus actividades bajo los principios de imparcialidad, objetividad, certeza y legalidad, adem\u00e1s de concluir el curso de capacitaci\u00f3n correspondiente.<\/p>\n<p>La capacitaci\u00f3n podr\u00e1 realizarse de manera presencial o a distancia. El periodo general est\u00e1 contemplado del 1 de noviembre de 2026 al 17 de mayo de 2027, mientras que la capacitaci\u00f3n impartida por organizaciones se desarrollar\u00e1 del 1 de noviembre de 2026 al 31 de mayo de 2027.<\/p>\n<p>En cuanto a la modalidad virtual, esta estar\u00e1 disponible del 1 de enero al 31 de mayo de 2027. Posteriormente, el INE contempla el periodo para la acreditaci\u00f3n y expedici\u00f3n de gafetes y constancias, que se llevar\u00e1 a cabo del 1 de noviembre de 2026 al 5 de junio de 2027.<\/p>\n<p>Una vez acreditada, la ciudadan\u00eda podr\u00e1 observar, conforme a los lineamientos y modelos de operaci\u00f3n que apruebe el INE, ejercicios como el Voto Anticipado, el Voto de las Personas en Prisi\u00f3n Preventiva y el Voto de las Mexicanas y los Mexicanos Residentes en el Extranjero.<\/p>\n<p>Como parte de las medidas de inclusi\u00f3n, el Instituto inform\u00f3 que contar\u00e1 con la convocatoria, constancia de acreditaci\u00f3n y gafete en formato Braille, adem\u00e1s de acciones de difusi\u00f3n en las lenguas ind\u00edgenas con mayor presencia en cada entidad.<\/p>\n<p>El INE destac\u00f3 que con esta convocatoria busca facilitar la participaci\u00f3n de la ciudadan\u00eda en distintas etapas del proceso electoral y promover una mayor vigilancia y acompa\u00f1amiento social de las actividades relacionadas con las elecciones de 2026-2027.<\/p>\n","protected":false},"excerpt":{"rendered":"<p>El Instituto Nacional Electoral abri\u00f3 la convocatoria para que la ciudadan\u00eda participe como observadora electoral durante el Proceso Electoral Concurrente 2026-2027, as\u00ed como, en su caso, en las elecciones extraordinarias que pudieran derivarse de este proceso. Las personas interesadas podr\u00e1n presentar su solicitud del 10 de septiembre de 2026 al 10 de mayo de 2027, [&hellip;]<\/p>\n","protected":false},"author":6,"featured_media":32324,"comment_status":"open","ping_status":"open","sticky":false,"template":"","format":"standard","meta":{"_jetpack_memberships_contains_paid_content":false,"footnotes":"","jetpack_publicize_message":"","jetpack_publicize_feature_enabled":true,"jetpack_social_post_already_shared":true,"jetpack_social_options":{"image_generator_settings":{"template":"highway","default_image_id":0,"font":"","enabled":false},"version":2}},"categories":[18],"tags":[],"class_list":["post-32323","post","type-post","status-publish","format-standard","has-post-thumbnail","category-nacional"],"aioseo_notices":[],"jetpack_publicize_connections":[],"jetpack_featured_media_url":"https:\/\/angelneri.com\/new\/wp-content\/uploads\/2026\/09\/principal_whatsapp-image-2026-09-03-at-82327-pm.jpg","jetpack_sharing_enabled":true,"_links":{"self":[{"href":"https:\/\/angelneri.com\/new\/wp-json\/wp\/v2\/posts\/32323","targetHints":{"allow":["GET"]}}],"collection":[{"href":"https:\/\/angelneri.com\/new\/wp-json\/wp\/v2\/posts"}],"about":[{"href":"https:\/\/angelneri.com\/new\/wp-json\/wp\/v2\/types\/post"}],"author":[{"embeddable":true,"href":"https:\/\/angelneri.com\/new\/wp-json\/wp\/v2\/users\/6"}],"replies":[{"embeddable":true,"href":"https:\/\/angelneri.com\/new\/wp-json\/wp\/v2\/comments?post=32323"}],"version-history":[{"count":1,"href":"https:\/\/angelneri.com\/new\/wp-json\/wp\/v2\/posts\/32323\/revisions"}],"predecessor-version":[{"id":32325,"href":"https:\/\/angelneri.com\/new\/wp-json\/wp\/v2\/posts\/32323\/revisions\/32325"}],"wp:featuredmedia":[{"embeddable":true,"href":"https:\/\/angelneri.com\/new\/wp-json\/wp\/v2\/media\/32324"}],"wp:attachment":[{"href":"https:\/\/angelneri.com\/new\/wp-json\/wp\/v2\/media?parent=32323"}],"wp:term":[{"taxonomy":"category","embeddable":true,"href":"https:\/\/angelneri.com\/new\/wp-json\/wp\/v2\/categories?post=32323"},{"taxonomy":"post_tag","embeddable":true,"href":"https:\/\/angelneri.com\/new\/wp-json\/wp\/v2\/tags?post=32323"}],"curies":[{"name":"wp","href":"https:\/\/api.w.org\/{rel}","templated":true}]}}