{"id":32329,"date":"2026-09-04T09:54:51","date_gmt":"2026-09-04T15:54:51","guid":{"rendered":"https:\/\/angelneri.com\/new\/?p=32329"},"modified":"2026-09-04T09:54:51","modified_gmt":"2026-09-04T15:54:51","slug":"advierte-trump-a-la-fed-bajen-las-tasas-de-interes-o-habra-freno-comercial","status":"publish","type":"post","link":"https:\/\/angelneri.com\/new\/2026\/09\/04\/advierte-trump-a-la-fed-bajen-las-tasas-de-interes-o-habra-freno-comercial\/","title":{"rendered":"Advierte Trump a la Fed: &#8216;bajen las tasas de inter\u00e9s o habr\u00e1 freno comercial&#8217;"},"content":{"rendered":"<p>El presidente de Estados Unidos, Donald Trump, exigi\u00f3 a la Reserva Federal (Fed) bajar las tasas de inter\u00e9s y lanz\u00f3 una advertencia comercial contra los pa\u00edses con los que su pa\u00eds mantiene d\u00e9ficit.<\/p>\n<p>A trav\u00e9s de sus redes sociales, Trump afirm\u00f3 que el reciente dato de empleo, con 162 mil puestos a\u00f1adidos en agosto, demuestra la fortaleza de la econom\u00eda estadounidense y, seg\u00fan \u00e9l, justifica una reducci\u00f3n de las tasas.<\/p>\n<p>El mandatario pidi\u00f3 a la Fed establecer tasas m\u00e1s bajas y sostuvo que Estados Unidos deber\u00eda tener la tasa de inter\u00e9s m\u00e1s baja del mundo, al considerar que las condiciones econ\u00f3micas del pa\u00eds son actualmente m\u00e1s s\u00f3lidas.<\/p>\n<p>Trump tambi\u00e9n advirti\u00f3 que, si no reducen las tasas, dejar\u00e1 de comerciar con los pa\u00edses con los que Estados Unidos mantiene un d\u00e9ficit, al considerar que esta medida ser\u00eda una alternativa a los aranceles.<\/p>\n<p>El presidente llam\u00f3 a los integrantes de la Fed a actuar con \u201cpatriotismo\u201d y asegur\u00f3 que las altas tasas de inter\u00e9s colocan a Estados Unidos en una posici\u00f3n de desventaja frente a otras econom\u00edas.<\/p>\n<p>&nbsp;<\/p>\n","protected":false},"excerpt":{"rendered":"<p>El presidente de Estados Unidos, Donald Trump, exigi\u00f3 a la Reserva Federal (Fed) bajar las tasas de inter\u00e9s y lanz\u00f3 una advertencia comercial contra los pa\u00edses con los que su pa\u00eds mantiene d\u00e9ficit. A trav\u00e9s de sus redes sociales, Trump afirm\u00f3 que el reciente dato de empleo, con 162 mil puestos a\u00f1adidos en agosto, demuestra [&hellip;]<\/p>\n","protected":false},"author":6,"featured_media":32330,"comment_status":"open","ping_status":"open","sticky":false,"template":"","format":"standard","meta":{"_jetpack_memberships_contains_paid_content":false,"footnotes":"","jetpack_publicize_message":"","jetpack_publicize_feature_enabled":true,"jetpack_social_post_already_shared":true,"jetpack_social_options":{"image_generator_settings":{"template":"highway","default_image_id":0,"font":"","enabled":false},"version":2}},"categories":[186],"tags":[],"class_list":["post-32329","post","type-post","status-publish","format-standard","has-post-thumbnail","category-internacional"],"aioseo_notices":[],"jetpack_publicize_connections":[],"jetpack_featured_media_url":"https:\/\/angelneri.com\/new\/wp-content\/uploads\/2026\/09\/principal_descarga-71.jpg","jetpack_sharing_enabled":true,"_links":{"self":[{"href":"https:\/\/angelneri.com\/new\/wp-json\/wp\/v2\/posts\/32329","targetHints":{"allow":["GET"]}}],"collection":[{"href":"https:\/\/angelneri.com\/new\/wp-json\/wp\/v2\/posts"}],"about":[{"href":"https:\/\/angelneri.com\/new\/wp-json\/wp\/v2\/types\/post"}],"author":[{"embeddable":true,"href":"https:\/\/angelneri.com\/new\/wp-json\/wp\/v2\/users\/6"}],"replies":[{"embeddable":true,"href":"https:\/\/angelneri.com\/new\/wp-json\/wp\/v2\/comments?post=32329"}],"version-history":[{"count":1,"href":"https:\/\/angelneri.com\/new\/wp-json\/wp\/v2\/posts\/32329\/revisions"}],"predecessor-version":[{"id":32331,"href":"https:\/\/angelneri.com\/new\/wp-json\/wp\/v2\/posts\/32329\/revisions\/32331"}],"wp:featuredmedia":[{"embeddable":true,"href":"https:\/\/angelneri.com\/new\/wp-json\/wp\/v2\/media\/32330"}],"wp:attachment":[{"href":"https:\/\/angelneri.com\/new\/wp-json\/wp\/v2\/media?parent=32329"}],"wp:term":[{"taxonomy":"category","embeddable":true,"href":"https:\/\/angelneri.com\/new\/wp-json\/wp\/v2\/categories?post=32329"},{"taxonomy":"post_tag","embeddable":true,"href":"https:\/\/angelneri.com\/new\/wp-json\/wp\/v2\/tags?post=32329"}],"curies":[{"name":"wp","href":"https:\/\/api.w.org\/{rel}","templated":true}]}}