{"id":32360,"date":"2026-09-04T12:39:53","date_gmt":"2026-09-04T18:39:53","guid":{"rendered":"https:\/\/angelneri.com\/new\/?p=32360"},"modified":"2026-09-04T12:39:53","modified_gmt":"2026-09-04T18:39:53","slug":"ignoran-orden-de-juez-dejan-en-hospital-privado-a-presunto-responsable-de-homicidio-imprudencial","status":"publish","type":"post","link":"https:\/\/angelneri.com\/new\/2026\/09\/04\/ignoran-orden-de-juez-dejan-en-hospital-privado-a-presunto-responsable-de-homicidio-imprudencial\/","title":{"rendered":"Ignoran orden de juez: dejan en hospital privado a presunto responsable de homicidio imprudencial"},"content":{"rendered":"<p>Luis Fernando E.I., procesado por su presunta responsabilidad en el homicidio imprudencial de Bacilio Calder\u00f3n, permanecer\u00e1 hospitalizado y bajo resguardo policial luego de que un psiquiatra del Hosame recomendara prolongar su internamiento por considerar de alto riesgo sus condiciones psiqui\u00e1tricas para ingresar a un centro penitenciario.<\/p>\n<p>Luis Fernando E.I., quien enfrenta un proceso penal por su presunta responsabilidad en el homicidio imprudencial de Bacilio Calder\u00f3n, continuar\u00e1 internado en un hospital particular y bajo vigilancia policial, luego de que un m\u00e9dico psiquiatra del Hospital de Salud Mental (Hosame) recomendara ampliar su estancia debido a las condiciones psiqui\u00e1tricas que presenta.<\/p>\n<p>La solicitud fue presentada por su defensa y familiares ante el Tribunal Superior de Justicia alrededor de las 17:00 horas de este jueves, mediante un documento en el que se estableci\u00f3 que el acusado deb\u00eda permanecer bajo atenci\u00f3n hospitalaria por m\u00e1s tiempo. La valoraci\u00f3n se\u00f1al\u00f3 que, en su estado actual, representar\u00eda un nivel de riesgo elevado para ser trasladado a un centro penitenciario.<\/p>\n<p>Tras conocer el dictamen m\u00e9dico, el m\u00e9dico procesal que se encontraba en el Tribunal autoriz\u00f3 que Luis Fernando permaneciera internado y con resguardo policiaco en una de las salas del hospital particular. El hombre se encuentra en ese lugar desde la tarde del viernes 28 de agosto, fecha en la que fue vinculado a proceso por el homicidio imprudencial derivado de un accidente vehicular.<\/p>\n<p>El caso se origin\u00f3 tras el choque ocurrido en el cruce de las avenidas Tom\u00e1s Valles y Haciendas del Valle, cerca del hospital \u00c1ngeles, donde presuntamente Luis Fernando impact\u00f3 a alta velocidad el veh\u00edculo de Bacilio Calder\u00f3n. El proceso tendr\u00e1 una nueva audiencia el pr\u00f3ximo 8 de septiembre, aunque hasta el momento no se hab\u00eda informado cu\u00e1l ser\u00e1 el objetivo espec\u00edfico de dicha diligencia.<\/p>\n<p>tiempo.com.mx<\/p>\n","protected":false},"excerpt":{"rendered":"<p>Luis Fernando E.I., procesado por su presunta responsabilidad en el homicidio imprudencial de Bacilio Calder\u00f3n, permanecer\u00e1 hospitalizado y bajo resguardo policial luego de que un psiquiatra del Hosame recomendara prolongar su internamiento por considerar de alto riesgo sus condiciones psiqui\u00e1tricas para ingresar a un centro penitenciario. Luis Fernando E.I., quien enfrenta un proceso penal por [&hellip;]<\/p>\n","protected":false},"author":6,"featured_media":32361,"comment_status":"open","ping_status":"open","sticky":false,"template":"","format":"standard","meta":{"_jetpack_memberships_contains_paid_content":false,"footnotes":"","jetpack_publicize_message":"","jetpack_publicize_feature_enabled":true,"jetpack_social_post_already_shared":true,"jetpack_social_options":{"image_generator_settings":{"template":"highway","default_image_id":0,"font":"","enabled":false},"version":2}},"categories":[17],"tags":[],"class_list":["post-32360","post","type-post","status-publish","format-standard","has-post-thumbnail","category-estado"],"aioseo_notices":[],"jetpack_publicize_connections":[],"jetpack_featured_media_url":"https:\/\/angelneri.com\/new\/wp-content\/uploads\/2026\/09\/principal_principal_inshot_20260828_112722828-1.jpg","jetpack_sharing_enabled":true,"_links":{"self":[{"href":"https:\/\/angelneri.com\/new\/wp-json\/wp\/v2\/posts\/32360","targetHints":{"allow":["GET"]}}],"collection":[{"href":"https:\/\/angelneri.com\/new\/wp-json\/wp\/v2\/posts"}],"about":[{"href":"https:\/\/angelneri.com\/new\/wp-json\/wp\/v2\/types\/post"}],"author":[{"embeddable":true,"href":"https:\/\/angelneri.com\/new\/wp-json\/wp\/v2\/users\/6"}],"replies":[{"embeddable":true,"href":"https:\/\/angelneri.com\/new\/wp-json\/wp\/v2\/comments?post=32360"}],"version-history":[{"count":1,"href":"https:\/\/angelneri.com\/new\/wp-json\/wp\/v2\/posts\/32360\/revisions"}],"predecessor-version":[{"id":32362,"href":"https:\/\/angelneri.com\/new\/wp-json\/wp\/v2\/posts\/32360\/revisions\/32362"}],"wp:featuredmedia":[{"embeddable":true,"href":"https:\/\/angelneri.com\/new\/wp-json\/wp\/v2\/media\/32361"}],"wp:attachment":[{"href":"https:\/\/angelneri.com\/new\/wp-json\/wp\/v2\/media?parent=32360"}],"wp:term":[{"taxonomy":"category","embeddable":true,"href":"https:\/\/angelneri.com\/new\/wp-json\/wp\/v2\/categories?post=32360"},{"taxonomy":"post_tag","embeddable":true,"href":"https:\/\/angelneri.com\/new\/wp-json\/wp\/v2\/tags?post=32360"}],"curies":[{"name":"wp","href":"https:\/\/api.w.org\/{rel}","templated":true}]}}