{"id":32377,"date":"2026-09-04T13:43:40","date_gmt":"2026-09-04T19:43:40","guid":{"rendered":"https:\/\/angelneri.com\/new\/?p=32377"},"modified":"2026-09-04T13:43:40","modified_gmt":"2026-09-04T19:43:40","slug":"responde-cruz-perez-cuellar-los-numeros-de-mi-gestion-cuentan-otra-historia","status":"publish","type":"post","link":"https:\/\/angelneri.com\/new\/2026\/09\/04\/responde-cruz-perez-cuellar-los-numeros-de-mi-gestion-cuentan-otra-historia\/","title":{"rendered":"Responde Cruz P\u00e9rez Cu\u00e9llar &#8216;Los n\u00fameros de mi gesti\u00f3n cuentan otra historia&#8217;"},"content":{"rendered":"<p>Cruz P\u00e9rez Cu\u00e9llar respondi\u00f3 a la ofensiva que, dijo, se ha desatado para desacreditar los resultados de su paso por la Presidencia Municipal de Ciudad Ju\u00e1rez. El alcalde con licencia cuestion\u00f3 a quienes hoy hablan de los problemas de la frontera como si \u00e9l hubiera recibido una ciudad funcionando a la perfecci\u00f3n, y sostuvo que los n\u00fameros de su administraci\u00f3n cuentan otra historia: m\u00e1s calles pavimentadas, mayor cobertura de alumbrado, soluci\u00f3n al problema de la basura y una inversi\u00f3n hist\u00f3rica en presupuesto participativo.<\/p>\n<p>El morenista tambi\u00e9n puso sobre la mesa uno de los principales contrastes con el Gobierno del Estado: afirm\u00f3 que, con un presupuesto hasta 11 veces menor, el Municipio ha realizado m\u00e1s obra en Ciudad Ju\u00e1rez que la administraci\u00f3n estatal. Asegur\u00f3 adem\u00e1s que durante cinco a\u00f1os fueron rehabilitadas alrededor de 700 escuelas p\u00fablicas, aunque reconoci\u00f3 que todav\u00eda queda mucho por hacer para superar un rezago que, seg\u00fan dijo, no se gener\u00f3 en una sola administraci\u00f3n, sino que es resultado de d\u00e9cadas de abandono.<\/p>\n<p>P\u00e9rez Cu\u00e9llar acus\u00f3 que ahora sus adversarios intentan convertir ese rezago hist\u00f3rico en un argumento pol\u00edtico, pero advirti\u00f3 que los resultados est\u00e1n a la vista. Y mientras las cr\u00edticas aumentan, lanz\u00f3 un mensaje que deja clara la disputa pol\u00edtica: \u201cVamos adelante, seguiremos transformando la ciudad\u201d, porque, asegur\u00f3, quienes hoy atacan su gesti\u00f3n \u201ctienen miedo porque ya se van\u201d.<\/p>\n<div style=\"width: 480px;\" class=\"wp-video\"><video class=\"wp-video-shortcode\" id=\"video-32377-1\" width=\"480\" height=\"848\" preload=\"metadata\" controls=\"controls\"><source type=\"video\/mp4\" src=\"https:\/\/angelneri.com\/new\/wp-content\/uploads\/2026\/09\/WhatsApp-Video-2026-09-04-at-1.30.50-PM.mp4?_=1\" \/><a href=\"https:\/\/angelneri.com\/new\/wp-content\/uploads\/2026\/09\/WhatsApp-Video-2026-09-04-at-1.30.50-PM.mp4\">https:\/\/angelneri.com\/new\/wp-content\/uploads\/2026\/09\/WhatsApp-Video-2026-09-04-at-1.30.50-PM.mp4<\/a><\/video><\/div>\n","protected":false},"excerpt":{"rendered":"<p>Cruz P\u00e9rez Cu\u00e9llar respondi\u00f3 a la ofensiva que, dijo, se ha desatado para desacreditar los resultados de su paso por la Presidencia Municipal de Ciudad Ju\u00e1rez. El alcalde con licencia cuestion\u00f3 a quienes hoy hablan de los problemas de la frontera como si \u00e9l hubiera recibido una ciudad funcionando a la perfecci\u00f3n, y sostuvo que [&hellip;]<\/p>\n","protected":false},"author":6,"featured_media":32378,"comment_status":"open","ping_status":"open","sticky":false,"template":"","format":"standard","meta":{"_jetpack_memberships_contains_paid_content":false,"footnotes":"","jetpack_publicize_message":"","jetpack_publicize_feature_enabled":true,"jetpack_social_post_already_shared":true,"jetpack_social_options":{"image_generator_settings":{"template":"highway","default_image_id":0,"font":"","enabled":false},"version":2}},"categories":[17],"tags":[],"class_list":["post-32377","post","type-post","status-publish","format-standard","has-post-thumbnail","category-estado"],"aioseo_notices":[],"jetpack_publicize_connections":[],"jetpack_featured_media_url":"https:\/\/angelneri.com\/new\/wp-content\/uploads\/2026\/09\/Captura-de-pantalla-2026-09-04-134056.png","jetpack_sharing_enabled":true,"_links":{"self":[{"href":"https:\/\/angelneri.com\/new\/wp-json\/wp\/v2\/posts\/32377","targetHints":{"allow":["GET"]}}],"collection":[{"href":"https:\/\/angelneri.com\/new\/wp-json\/wp\/v2\/posts"}],"about":[{"href":"https:\/\/angelneri.com\/new\/wp-json\/wp\/v2\/types\/post"}],"author":[{"embeddable":true,"href":"https:\/\/angelneri.com\/new\/wp-json\/wp\/v2\/users\/6"}],"replies":[{"embeddable":true,"href":"https:\/\/angelneri.com\/new\/wp-json\/wp\/v2\/comments?post=32377"}],"version-history":[{"count":1,"href":"https:\/\/angelneri.com\/new\/wp-json\/wp\/v2\/posts\/32377\/revisions"}],"predecessor-version":[{"id":32380,"href":"https:\/\/angelneri.com\/new\/wp-json\/wp\/v2\/posts\/32377\/revisions\/32380"}],"wp:featuredmedia":[{"embeddable":true,"href":"https:\/\/angelneri.com\/new\/wp-json\/wp\/v2\/media\/32378"}],"wp:attachment":[{"href":"https:\/\/angelneri.com\/new\/wp-json\/wp\/v2\/media?parent=32377"}],"wp:term":[{"taxonomy":"category","embeddable":true,"href":"https:\/\/angelneri.com\/new\/wp-json\/wp\/v2\/categories?post=32377"},{"taxonomy":"post_tag","embeddable":true,"href":"https:\/\/angelneri.com\/new\/wp-json\/wp\/v2\/tags?post=32377"}],"curies":[{"name":"wp","href":"https:\/\/api.w.org\/{rel}","templated":true}]}}