{"id":32400,"date":"2026-09-04T16:45:38","date_gmt":"2026-09-04T22:45:38","guid":{"rendered":"https:\/\/angelneri.com\/new\/?p=32400"},"modified":"2026-09-04T16:45:38","modified_gmt":"2026-09-04T22:45:38","slug":"llegara-este-mes-el-primer-frente-frio-de-la-temporada","status":"publish","type":"post","link":"https:\/\/angelneri.com\/new\/2026\/09\/04\/llegara-este-mes-el-primer-frente-frio-de-la-temporada\/","title":{"rendered":"Llegar\u00e1 este mes el primer frente fr\u00edo de la temporada"},"content":{"rendered":"<p>El primer frente fr\u00edo de la temporada llegar\u00e1 en septiembre, aunque la actividad aumentar\u00e1 durante el oto\u00f1o y alcanzar\u00e1 su mayor intensidad en invierno.<\/p>\n<p>Despu\u00e9s de las altas temperaturas registradas durante el verano, septiembre traer\u00e1 el primer frente fr\u00edo de la temporada 2026-2027, de acuerdo con el pron\u00f3stico del Servicio Meteorol\u00f3gico Nacional.<\/p>\n<p>Para este mes se contemplaron tres sistemas frontales, con lo que comenzar\u00eda a incrementarse gradualmente la actividad de estos fen\u00f3menos durante el oto\u00f1o. El SMN pronostic\u00f3 un total de 56 frentes fr\u00edos entre septiembre de 2026 y mayo de 2027, seis m\u00e1s que el promedio hist\u00f3rico de 50.<\/p>\n<p>La mayor actividad se concentrar\u00eda hacia finales de este a\u00f1o y principios de 2027. Noviembre tendr\u00eda ocho frentes fr\u00edos, diciembre nueve y enero ocho, por lo que ser\u00edan los meses con mayor presencia de estos sistemas durante la temporada.<\/p>\n<p>Cabe se\u00f1alar que, si bien el frente fr\u00edo implica un descenso en la temperatura, durante los primeros frentes este cambio no ser\u00eda tan dr\u00e1stico.<\/p>\n<p>&nbsp;<\/p>\n","protected":false},"excerpt":{"rendered":"<p>El primer frente fr\u00edo de la temporada llegar\u00e1 en septiembre, aunque la actividad aumentar\u00e1 durante el oto\u00f1o y alcanzar\u00e1 su mayor intensidad en invierno. Despu\u00e9s de las altas temperaturas registradas durante el verano, septiembre traer\u00e1 el primer frente fr\u00edo de la temporada 2026-2027, de acuerdo con el pron\u00f3stico del Servicio Meteorol\u00f3gico Nacional. Para este mes [&hellip;]<\/p>\n","protected":false},"author":6,"featured_media":32401,"comment_status":"open","ping_status":"open","sticky":false,"template":"","format":"standard","meta":{"_jetpack_memberships_contains_paid_content":false,"footnotes":"","jetpack_publicize_message":"","jetpack_publicize_feature_enabled":true,"jetpack_social_post_already_shared":true,"jetpack_social_options":{"image_generator_settings":{"template":"highway","default_image_id":0,"font":"","enabled":false},"version":2}},"categories":[18],"tags":[],"class_list":["post-32400","post","type-post","status-publish","format-standard","has-post-thumbnail","category-nacional"],"aioseo_notices":[],"jetpack_publicize_connections":[],"jetpack_featured_media_url":"https:\/\/angelneri.com\/new\/wp-content\/uploads\/2026\/09\/principal_sistemafrontal.jpg","jetpack_sharing_enabled":true,"_links":{"self":[{"href":"https:\/\/angelneri.com\/new\/wp-json\/wp\/v2\/posts\/32400","targetHints":{"allow":["GET"]}}],"collection":[{"href":"https:\/\/angelneri.com\/new\/wp-json\/wp\/v2\/posts"}],"about":[{"href":"https:\/\/angelneri.com\/new\/wp-json\/wp\/v2\/types\/post"}],"author":[{"embeddable":true,"href":"https:\/\/angelneri.com\/new\/wp-json\/wp\/v2\/users\/6"}],"replies":[{"embeddable":true,"href":"https:\/\/angelneri.com\/new\/wp-json\/wp\/v2\/comments?post=32400"}],"version-history":[{"count":1,"href":"https:\/\/angelneri.com\/new\/wp-json\/wp\/v2\/posts\/32400\/revisions"}],"predecessor-version":[{"id":32402,"href":"https:\/\/angelneri.com\/new\/wp-json\/wp\/v2\/posts\/32400\/revisions\/32402"}],"wp:featuredmedia":[{"embeddable":true,"href":"https:\/\/angelneri.com\/new\/wp-json\/wp\/v2\/media\/32401"}],"wp:attachment":[{"href":"https:\/\/angelneri.com\/new\/wp-json\/wp\/v2\/media?parent=32400"}],"wp:term":[{"taxonomy":"category","embeddable":true,"href":"https:\/\/angelneri.com\/new\/wp-json\/wp\/v2\/categories?post=32400"},{"taxonomy":"post_tag","embeddable":true,"href":"https:\/\/angelneri.com\/new\/wp-json\/wp\/v2\/tags?post=32400"}],"curies":[{"name":"wp","href":"https:\/\/api.w.org\/{rel}","templated":true}]}}