{"id":32443,"date":"2026-09-05T09:46:40","date_gmt":"2026-09-05T15:46:40","guid":{"rendered":"https:\/\/angelneri.com\/new\/?p=32443"},"modified":"2026-09-05T09:46:40","modified_gmt":"2026-09-05T15:46:40","slug":"morena-se-fortalece-desde-las-colonias-con-respaldo-a-cruz-perez-cuellar","status":"publish","type":"post","link":"https:\/\/angelneri.com\/new\/2026\/09\/05\/morena-se-fortalece-desde-las-colonias-con-respaldo-a-cruz-perez-cuellar\/","title":{"rendered":"Morena se fortalece desde las colonias con respaldo a Cruz P\u00e9rez Cu\u00e9llar"},"content":{"rendered":"<p>El trabajo territorial contin\u00faa consolidando un Morena cada vez m\u00e1s fuerte en Delicias. Semana tras semana, hombres y mujeres se suman al proyecto de transformaci\u00f3n, fortaleciendo la organizaci\u00f3n en las colonias y refrendando su respaldo a Cruz P\u00e9rez Cu\u00e9llar.<br \/>\nDurante las reuniones por las colonias Tierra y Libertad y Emiliano J. Laing, en el sector sur, se escucharon las necesidades de las familias y se reiter\u00f3 el compromiso de seguir construyendo un movimiento cercano a la gente.<br \/>\nQuienes participan en estas actividades expresaron su confianza en que Cruz P\u00e9rez Cu\u00e9llar encabece la coordinaci\u00f3n de la Defensa de la Transformaci\u00f3n y la Soberan\u00eda en Chihuahua, con la visi\u00f3n de consolidar un proyecto que posteriormente lo lleve a contender por la gubernatura del estado.<br \/>\nDestacaron que los resultados obtenidos durante su gesti\u00f3n en Ciudad Ju\u00e1rez respaldan su capacidad para gobernar Chihuahua y fortalecer la coordinaci\u00f3n entre los gobiernos estatal y federal, con el objetivo de que los programas y apoyos lleguen de manera m\u00e1s eficiente a quienes m\u00e1s lo necesitan.<\/p>\n","protected":false},"excerpt":{"rendered":"<p>El trabajo territorial contin\u00faa consolidando un Morena cada vez m\u00e1s fuerte en Delicias. Semana tras semana, hombres y mujeres se suman al proyecto de transformaci\u00f3n, fortaleciendo la organizaci\u00f3n en las colonias y refrendando su respaldo a Cruz P\u00e9rez Cu\u00e9llar. Durante las reuniones por las colonias Tierra y Libertad y Emiliano J. Laing, en el sector [&hellip;]<\/p>\n","protected":false},"author":6,"featured_media":32444,"comment_status":"open","ping_status":"open","sticky":false,"template":"","format":"standard","meta":{"_jetpack_memberships_contains_paid_content":false,"footnotes":"","jetpack_publicize_message":"","jetpack_publicize_feature_enabled":true,"jetpack_social_post_already_shared":true,"jetpack_social_options":{"image_generator_settings":{"template":"highway","default_image_id":0,"font":"","enabled":false},"version":2}},"categories":[70],"tags":[],"class_list":["post-32443","post","type-post","status-publish","format-standard","has-post-thumbnail","category-local"],"aioseo_notices":[],"jetpack_publicize_connections":[],"jetpack_featured_media_url":"https:\/\/angelneri.com\/new\/wp-content\/uploads\/2026\/09\/a5f055f3-d02e-4187-96f9-c37aa21fc13a.jpg","jetpack_sharing_enabled":true,"_links":{"self":[{"href":"https:\/\/angelneri.com\/new\/wp-json\/wp\/v2\/posts\/32443","targetHints":{"allow":["GET"]}}],"collection":[{"href":"https:\/\/angelneri.com\/new\/wp-json\/wp\/v2\/posts"}],"about":[{"href":"https:\/\/angelneri.com\/new\/wp-json\/wp\/v2\/types\/post"}],"author":[{"embeddable":true,"href":"https:\/\/angelneri.com\/new\/wp-json\/wp\/v2\/users\/6"}],"replies":[{"embeddable":true,"href":"https:\/\/angelneri.com\/new\/wp-json\/wp\/v2\/comments?post=32443"}],"version-history":[{"count":1,"href":"https:\/\/angelneri.com\/new\/wp-json\/wp\/v2\/posts\/32443\/revisions"}],"predecessor-version":[{"id":32445,"href":"https:\/\/angelneri.com\/new\/wp-json\/wp\/v2\/posts\/32443\/revisions\/32445"}],"wp:featuredmedia":[{"embeddable":true,"href":"https:\/\/angelneri.com\/new\/wp-json\/wp\/v2\/media\/32444"}],"wp:attachment":[{"href":"https:\/\/angelneri.com\/new\/wp-json\/wp\/v2\/media?parent=32443"}],"wp:term":[{"taxonomy":"category","embeddable":true,"href":"https:\/\/angelneri.com\/new\/wp-json\/wp\/v2\/categories?post=32443"},{"taxonomy":"post_tag","embeddable":true,"href":"https:\/\/angelneri.com\/new\/wp-json\/wp\/v2\/tags?post=32443"}],"curies":[{"name":"wp","href":"https:\/\/api.w.org\/{rel}","templated":true}]}}