{"id":32446,"date":"2026-09-05T10:00:31","date_gmt":"2026-09-05T16:00:31","guid":{"rendered":"https:\/\/angelneri.com\/new\/?p=32446"},"modified":"2026-09-05T10:00:31","modified_gmt":"2026-09-05T16:00:31","slug":"el-pri-se-reune-con-fox-el-presidente-que-los-derroco","status":"publish","type":"post","link":"https:\/\/angelneri.com\/new\/2026\/09\/05\/el-pri-se-reune-con-fox-el-presidente-que-los-derroco\/","title":{"rendered":"El PRI se re\u00fane con Fox, el presidente que los derroc\u00f3"},"content":{"rendered":"<p>M\u00e9xico.- El dirigente nacional del Partido Revolucionario Institucional (PRI) Alejandro \u201cAlito\u201d Moreno, confirm\u00f3 un encuentro con el expresidente Vicente Fox, en el que ambos abordaron el panorama pol\u00edtico del pa\u00eds y la necesidad de construir una agenda com\u00fan desde la oposici\u00f3n.<\/p>\n<p>El di\u00e1logo, calificado como \u201cserio sobre el futuro del pa\u00eds\u201d, reuni\u00f3 en la sede priista a figuras como Juan Carlos Romero Hicks, Jos\u00e9 Luis Salas Cacho, Rodolfo Elizondo, Jos\u00e9 Espina, V\u00edctor Guerrero Ch\u00e1vez y Juan Hern\u00e1ndez, adem\u00e1s de los coordinadores parlamentarios Manuel A\u00f1orve Ba\u00f1os y Rub\u00e9n Moreira.<\/p>\n<p>Moreno C\u00e1rdenas subray\u00f3 la responsabilidad de escuchar distintas voces para hallar coincidencias y soluciones. \u201cEn el PRI siempre vamos a poner por delante la necesidad de sumar fuerzas por M\u00e9xico. Vamos a dialogar, construir acuerdos y unir esfuerzos con todos los que est\u00e9n dispuestos a defender la democracia, las instituciones y nuestras libertades\u201d, afirm\u00f3.<\/p>\n<p>El l\u00edder tricolor agreg\u00f3 que \u201cel pa\u00eds necesita una oposici\u00f3n con car\u00e1cter, pero tambi\u00e9n con la capacidad de convocar, sumar y construir un mejor rumbo para todos los mexicanos\u201d. Destac\u00f3 que tanto su partido como el exmandatario panista \u201chay experiencia, ideas y distintas visiones que pueden aportar mucho al pa\u00eds\u201d.<\/p>\n<p>Por su parte, Vicente Fox public\u00f3 en su cuenta de X que la reuni\u00f3n busc\u00f3 \u201cencontrar coincidencias y construir juntos\u201d. \u201cHoy visitamos al PRI Nacional, porque M\u00e9xico est\u00e1 por encima de cualquier diferencia. Hoy m\u00e1s que nunca necesitamos di\u00e1logo y voluntad para encontrar coincidencias y construir juntos\u201d, escribi\u00f3.<\/p>\n<p>El expresidente tambi\u00e9n reconoci\u00f3 a quienes \u201cest\u00e1n dispuestos a sumar por M\u00e9xico\u201d y cerr\u00f3 con un llamado: \u201cCuando ponemos a M\u00e9xico por delante, todos ganamos. \u00a1Vamos por un M\u00e9xico libre, democr\u00e1tico y con futuro!\u201d.<\/p>\n<p>Este acercamiento entre Moreno y Fox \u2014quienes, pese a militar en partidos distintos, coinciden en su oposici\u00f3n al gobierno de la presidenta Claudia Sheinbaum, de Morena\u2014 se da en un contexto de reacomodo de fuerzas pol\u00edticas rumbo a los pr\u00f3ximos procesos electorales.<\/p>\n","protected":false},"excerpt":{"rendered":"<p>M\u00e9xico.- El dirigente nacional del Partido Revolucionario Institucional (PRI) Alejandro \u201cAlito\u201d Moreno, confirm\u00f3 un encuentro con el expresidente Vicente Fox, en el que ambos abordaron el panorama pol\u00edtico del pa\u00eds y la necesidad de construir una agenda com\u00fan desde la oposici\u00f3n. El di\u00e1logo, calificado como \u201cserio sobre el futuro del pa\u00eds\u201d, reuni\u00f3 en la sede [&hellip;]<\/p>\n","protected":false},"author":6,"featured_media":32447,"comment_status":"open","ping_status":"open","sticky":false,"template":"","format":"standard","meta":{"_jetpack_memberships_contains_paid_content":false,"footnotes":"","jetpack_publicize_message":"","jetpack_publicize_feature_enabled":true,"jetpack_social_post_already_shared":true,"jetpack_social_options":{"image_generator_settings":{"template":"highway","default_image_id":0,"font":"","enabled":false},"version":2}},"categories":[18],"tags":[],"class_list":["post-32446","post","type-post","status-publish","format-standard","has-post-thumbnail","category-nacional"],"aioseo_notices":[],"jetpack_publicize_connections":[],"jetpack_featured_media_url":"https:\/\/angelneri.com\/new\/wp-content\/uploads\/2026\/09\/Captura-de-pantalla-2026-09-05-095921.png","jetpack_sharing_enabled":true,"_links":{"self":[{"href":"https:\/\/angelneri.com\/new\/wp-json\/wp\/v2\/posts\/32446","targetHints":{"allow":["GET"]}}],"collection":[{"href":"https:\/\/angelneri.com\/new\/wp-json\/wp\/v2\/posts"}],"about":[{"href":"https:\/\/angelneri.com\/new\/wp-json\/wp\/v2\/types\/post"}],"author":[{"embeddable":true,"href":"https:\/\/angelneri.com\/new\/wp-json\/wp\/v2\/users\/6"}],"replies":[{"embeddable":true,"href":"https:\/\/angelneri.com\/new\/wp-json\/wp\/v2\/comments?post=32446"}],"version-history":[{"count":1,"href":"https:\/\/angelneri.com\/new\/wp-json\/wp\/v2\/posts\/32446\/revisions"}],"predecessor-version":[{"id":32448,"href":"https:\/\/angelneri.com\/new\/wp-json\/wp\/v2\/posts\/32446\/revisions\/32448"}],"wp:featuredmedia":[{"embeddable":true,"href":"https:\/\/angelneri.com\/new\/wp-json\/wp\/v2\/media\/32447"}],"wp:attachment":[{"href":"https:\/\/angelneri.com\/new\/wp-json\/wp\/v2\/media?parent=32446"}],"wp:term":[{"taxonomy":"category","embeddable":true,"href":"https:\/\/angelneri.com\/new\/wp-json\/wp\/v2\/categories?post=32446"},{"taxonomy":"post_tag","embeddable":true,"href":"https:\/\/angelneri.com\/new\/wp-json\/wp\/v2\/tags?post=32446"}],"curies":[{"name":"wp","href":"https:\/\/api.w.org\/{rel}","templated":true}]}}