{"id":32452,"date":"2026-09-05T10:03:52","date_gmt":"2026-09-05T16:03:52","guid":{"rendered":"https:\/\/angelneri.com\/new\/?p=32452"},"modified":"2026-09-05T10:03:52","modified_gmt":"2026-09-05T16:03:52","slug":"confirma-harfuch-la-muerte-de-dos-agentes-de-la-sspc-tras-emboscada-en-veracruz","status":"publish","type":"post","link":"https:\/\/angelneri.com\/new\/2026\/09\/05\/confirma-harfuch-la-muerte-de-dos-agentes-de-la-sspc-tras-emboscada-en-veracruz\/","title":{"rendered":"Confirma Harfuch la muerte de dos agentes de la SSPC tras emboscada en Veracruz"},"content":{"rendered":"<p>Una agresi\u00f3n armada atribuida a la delincuencia organizada dej\u00f3 sin vida a dos elementos de la Secretar\u00eda de Seguridad y Protecci\u00f3n Ciudadana (SSPC) en el municipio de Omealca, Veracruz. Una tercera agente result\u00f3 herida y ya recibe atenci\u00f3n m\u00e9dica, seg\u00fan confirm\u00f3 el titular de la dependencia, Omar Garc\u00eda Harfuch.<\/p>\n<p>Los hechos ocurrieron la noche del viernes y los primeros minutos del s\u00e1bado, entre las comunidades de R\u00edo Moreno y Paso Amapa. Los elementos realizaban tareas de investigaci\u00f3n en la zona cuando fueron atacados con armas de fuego.<\/p>\n<p>Habitantes de la regi\u00f3n reportaron fuertes enfrentamientos armados, lo que provoc\u00f3 una intensa movilizaci\u00f3n de fuerzas federales, estatales y castrenses. La agente lesionada cuenta con todo el respaldo institucional, indic\u00f3 Garc\u00eda Harfuch en un mensaje difundido en redes sociales.<\/p>\n<p>El secretario de Seguridad expres\u00f3 su p\u00e9same y solidaridad a las familias, compa\u00f1eros y seres queridos de los agentes ca\u00eddos. \u00abReconocemos su valent\u00eda y compromiso con la protecci\u00f3n de la ciudadan\u00eda\u00bb, escribi\u00f3.<\/p>\n<p>Garc\u00eda Harfuch inform\u00f3 que se despleg\u00f3 un operativo para localizar y detener a los responsables. Agradeci\u00f3 la coordinaci\u00f3n inmediata de distintas corporaciones y advirti\u00f3 que el crimen no quedar\u00e1 impune.<\/p>\n<p>\u00abAgradecemos el apoyo inmediato y la coordinaci\u00f3n del Ej\u00e9rcito, Marina, Guardia Nacional, Secretar\u00eda de Seguridad y Fiscal\u00eda General del Estado de Veracruz, y de las autoridades de Oaxaca. Este crimen no quedar\u00e1 impune. Los responsables ser\u00e1n llevados ante la justicia\u00bb, se\u00f1al\u00f3.<\/p>\n<p>La regi\u00f3n monta\u00f1osa central de Veracruz registra alta incidencia delincuencial por la operaci\u00f3n de diversos c\u00e1rteles del narcotr\u00e1fico, entre ellos el C\u00e1rtel Jalisco Nueva Generaci\u00f3n y Los Zetas Vieja Escuela, esta \u00faltima con diversas fracturas y la conformaci\u00f3n de distintas organizaciones violentas.<\/p>\n","protected":false},"excerpt":{"rendered":"<p>Una agresi\u00f3n armada atribuida a la delincuencia organizada dej\u00f3 sin vida a dos elementos de la Secretar\u00eda de Seguridad y Protecci\u00f3n Ciudadana (SSPC) en el municipio de Omealca, Veracruz. Una tercera agente result\u00f3 herida y ya recibe atenci\u00f3n m\u00e9dica, seg\u00fan confirm\u00f3 el titular de la dependencia, Omar Garc\u00eda Harfuch. Los hechos ocurrieron la noche del [&hellip;]<\/p>\n","protected":false},"author":6,"featured_media":32453,"comment_status":"open","ping_status":"open","sticky":false,"template":"","format":"standard","meta":{"_jetpack_memberships_contains_paid_content":false,"footnotes":"","jetpack_publicize_message":"","jetpack_publicize_feature_enabled":true,"jetpack_social_post_already_shared":true,"jetpack_social_options":{"image_generator_settings":{"template":"highway","default_image_id":0,"font":"","enabled":false},"version":2}},"categories":[18],"tags":[],"class_list":["post-32452","post","type-post","status-publish","format-standard","has-post-thumbnail","category-nacional"],"aioseo_notices":[],"jetpack_publicize_connections":[],"jetpack_featured_media_url":"https:\/\/angelneri.com\/new\/wp-content\/uploads\/2026\/09\/Captura-de-pantalla-2026-09-05-100239.png","jetpack_sharing_enabled":true,"_links":{"self":[{"href":"https:\/\/angelneri.com\/new\/wp-json\/wp\/v2\/posts\/32452","targetHints":{"allow":["GET"]}}],"collection":[{"href":"https:\/\/angelneri.com\/new\/wp-json\/wp\/v2\/posts"}],"about":[{"href":"https:\/\/angelneri.com\/new\/wp-json\/wp\/v2\/types\/post"}],"author":[{"embeddable":true,"href":"https:\/\/angelneri.com\/new\/wp-json\/wp\/v2\/users\/6"}],"replies":[{"embeddable":true,"href":"https:\/\/angelneri.com\/new\/wp-json\/wp\/v2\/comments?post=32452"}],"version-history":[{"count":2,"href":"https:\/\/angelneri.com\/new\/wp-json\/wp\/v2\/posts\/32452\/revisions"}],"predecessor-version":[{"id":32455,"href":"https:\/\/angelneri.com\/new\/wp-json\/wp\/v2\/posts\/32452\/revisions\/32455"}],"wp:featuredmedia":[{"embeddable":true,"href":"https:\/\/angelneri.com\/new\/wp-json\/wp\/v2\/media\/32453"}],"wp:attachment":[{"href":"https:\/\/angelneri.com\/new\/wp-json\/wp\/v2\/media?parent=32452"}],"wp:term":[{"taxonomy":"category","embeddable":true,"href":"https:\/\/angelneri.com\/new\/wp-json\/wp\/v2\/categories?post=32452"},{"taxonomy":"post_tag","embeddable":true,"href":"https:\/\/angelneri.com\/new\/wp-json\/wp\/v2\/tags?post=32452"}],"curies":[{"name":"wp","href":"https:\/\/api.w.org\/{rel}","templated":true}]}}