{"id":32459,"date":"2026-09-05T10:07:20","date_gmt":"2026-09-05T16:07:20","guid":{"rendered":"https:\/\/angelneri.com\/new\/?p=32459"},"modified":"2026-09-05T10:07:20","modified_gmt":"2026-09-05T16:07:20","slug":"choque-de-motos-en-carretera-a-puebla-cobra-la-vida-de-dos-personas","status":"publish","type":"post","link":"https:\/\/angelneri.com\/new\/2026\/09\/05\/choque-de-motos-en-carretera-a-puebla-cobra-la-vida-de-dos-personas\/","title":{"rendered":"Choque de motos en carretera a Puebla cobra la vida de dos personas"},"content":{"rendered":"<p>Un accidente de motocicleta registrado durante la madrugada de este viernes cobr\u00f3 la vida de dos j\u00f3venes en la regi\u00f3n de Atlixco, Puebla, mientras que un tercero result\u00f3 gravemente lesionado.<\/p>\n<p>El siniestro ocurri\u00f3 cuando los tres j\u00f3venes circulaban por la carretera que comunica a Atlixco con San Juan Tianguismanalco, donde, por causas que ser\u00e1n determinadas por las autoridades, la motocicleta en la que viajaban sufri\u00f3 un derrape.<\/p>\n<p>De acuerdo con los reportes, los j\u00f3venes viajaban a bordo de una Vento Crossmax 220 cuando perdieron el control y terminaron en un terreno particular. Tras recibir el llamado de emergencia a trav\u00e9s del 911, al sitio acudieron param\u00e9dicos de SUMA y elementos de seguridad para brindar atenci\u00f3n a las personas involucradas en el accidente.<\/p>\n<p>Al realizar la valoraci\u00f3n correspondiente, los cuerpos de emergencia confirmaron que dos de los j\u00f3venes ya no contaban con signos vitales, debido a los severos traumatismos craneoencef\u00e1licos que presentaban.<\/p>\n<p>Uno de los fallecidos fue identificado como \u00c1ngel M., de 22 a\u00f1os, mientras que el segundo permaneci\u00f3 varias horas en calidad de desconocido. El tercer joven, identificado como Oscar G., tambi\u00e9n de 22 a\u00f1os, result\u00f3 lesionado y fue trasladado a un nosocomio para recibir atenci\u00f3n m\u00e9dica.<\/p>\n<p>Al lugar tambi\u00e9n acudieron elementos de Proximidad Vial del Estado y agentes de la Unidad Especializada en Seguridad Vial de la Fiscal\u00eda General del Estado, sede Atlixco, quienes realizaron las diligencias correspondientes y el levantamiento de los cuerpos.<\/p>\n<p>La motocicleta fue trasladada al dep\u00f3sito vehicular. La carretera entre Atlixco y San Juan Tianguismanalco cuenta con una pendiente prolongada y una curva de casi 360 grados, caracter\u00edsticas que han sido se\u00f1aladas como factores relacionados con diversos accidentes registrados en esta zona.<\/p>\n","protected":false},"excerpt":{"rendered":"<p>Un accidente de motocicleta registrado durante la madrugada de este viernes cobr\u00f3 la vida de dos j\u00f3venes en la regi\u00f3n de Atlixco, Puebla, mientras que un tercero result\u00f3 gravemente lesionado. El siniestro ocurri\u00f3 cuando los tres j\u00f3venes circulaban por la carretera que comunica a Atlixco con San Juan Tianguismanalco, donde, por causas que ser\u00e1n determinadas [&hellip;]<\/p>\n","protected":false},"author":6,"featured_media":32460,"comment_status":"open","ping_status":"open","sticky":false,"template":"","format":"standard","meta":{"_jetpack_memberships_contains_paid_content":false,"footnotes":"","jetpack_publicize_message":"","jetpack_publicize_feature_enabled":true,"jetpack_social_post_already_shared":true,"jetpack_social_options":{"image_generator_settings":{"template":"highway","default_image_id":0,"font":"","enabled":false},"version":2}},"categories":[18],"tags":[],"class_list":["post-32459","post","type-post","status-publish","format-standard","has-post-thumbnail","category-nacional"],"aioseo_notices":[],"jetpack_publicize_connections":[],"jetpack_featured_media_url":"https:\/\/angelneri.com\/new\/wp-content\/uploads\/2026\/09\/principal_whatsapp-image-2026-09-05-at-85230-am.jpg","jetpack_sharing_enabled":true,"_links":{"self":[{"href":"https:\/\/angelneri.com\/new\/wp-json\/wp\/v2\/posts\/32459","targetHints":{"allow":["GET"]}}],"collection":[{"href":"https:\/\/angelneri.com\/new\/wp-json\/wp\/v2\/posts"}],"about":[{"href":"https:\/\/angelneri.com\/new\/wp-json\/wp\/v2\/types\/post"}],"author":[{"embeddable":true,"href":"https:\/\/angelneri.com\/new\/wp-json\/wp\/v2\/users\/6"}],"replies":[{"embeddable":true,"href":"https:\/\/angelneri.com\/new\/wp-json\/wp\/v2\/comments?post=32459"}],"version-history":[{"count":1,"href":"https:\/\/angelneri.com\/new\/wp-json\/wp\/v2\/posts\/32459\/revisions"}],"predecessor-version":[{"id":32461,"href":"https:\/\/angelneri.com\/new\/wp-json\/wp\/v2\/posts\/32459\/revisions\/32461"}],"wp:featuredmedia":[{"embeddable":true,"href":"https:\/\/angelneri.com\/new\/wp-json\/wp\/v2\/media\/32460"}],"wp:attachment":[{"href":"https:\/\/angelneri.com\/new\/wp-json\/wp\/v2\/media?parent=32459"}],"wp:term":[{"taxonomy":"category","embeddable":true,"href":"https:\/\/angelneri.com\/new\/wp-json\/wp\/v2\/categories?post=32459"},{"taxonomy":"post_tag","embeddable":true,"href":"https:\/\/angelneri.com\/new\/wp-json\/wp\/v2\/tags?post=32459"}],"curies":[{"name":"wp","href":"https:\/\/api.w.org\/{rel}","templated":true}]}}