{"id":32471,"date":"2026-09-05T11:24:38","date_gmt":"2026-09-05T17:24:38","guid":{"rendered":"https:\/\/angelneri.com\/new\/?p=32471"},"modified":"2026-09-05T11:24:38","modified_gmt":"2026-09-05T17:24:38","slug":"monaco-va-de-nuevo-por-erik-lira","status":"publish","type":"post","link":"https:\/\/angelneri.com\/new\/2026\/09\/05\/monaco-va-de-nuevo-por-erik-lira\/","title":{"rendered":"\u00a1M\u00f3naco va de nuevo por Erik Lira!"},"content":{"rendered":"<p>El fichaje de Erik Lira por el M\u00f3naco se frustr\u00f3 en el cierre del mercado, pero el club franc\u00e9s mantiene su inter\u00e9s en el mediocampista mexicano. Filipe Luis elogi\u00f3 sus cualidades, asegur\u00f3 que tiene nivel europeo y afirm\u00f3 que seguir\u00e1 buscando su contrataci\u00f3n en cada mercado, por lo que el invierno podr\u00eda representar una nueva oportunidad para que Lira cumpla su objetivo de llegar a la Ligue 1.<\/p>\n<p>Aunque el fichaje de Erik Lira por el M\u00f3naco no pudo concretarse durante el cierre del mercado, el mediocampista mexicano contin\u00faa en los planes del conjunto franc\u00e9s. El t\u00e9cnico Filipe Luis confirm\u00f3 p\u00fablicamente su inter\u00e9s por el jugador y adelant\u00f3 que buscar\u00e1 nuevamente su contrataci\u00f3n cuando se abra una nueva ventana de transferencias.<\/p>\n<p>En entrevista con FOX, el entrenador brasile\u00f1o destac\u00f3 las condiciones de Lira y asegur\u00f3 que lo considera un futbolista con nivel para competir en Europa. Filipe Luis record\u00f3 incluso el partido entre Flamengo y Cruz Azul, en el que decidi\u00f3 colocarle una marca individual debido a la influencia que, seg\u00fan explic\u00f3, tiene el mexicano en el funcionamiento de su equipo.<\/p>\n<p>\u201cLira para m\u00ed es top, tiene nivel de Europa\u201d, se\u00f1al\u00f3 el estratega, quien tambi\u00e9n resalt\u00f3 su capacidad con el bal\u00f3n, liderazgo y pasi\u00f3n. Filipe Luis reconoci\u00f3 que la operaci\u00f3n no pudo concretarse, pero dej\u00f3 abierta la posibilidad de insistir por el jugador: \u201cSeguir\u00e9 empujando por \u00e9l cada mercado que se abra\u201d. Ante la posibilidad de buscarlo en invierno, respondi\u00f3: \u201c\u00a1Hombre! Por supuesto, a los grandes jugadores siempre los quiero a mi lado\u201d.<\/p>\n<p>La negociaci\u00f3n se complic\u00f3 luego de que Folarin Balogun no concretara su salida del M\u00f3naco rumbo al Everton, movimiento que habr\u00eda permitido liberar una plaza de extranjero para registrar a Lira. El delantero estadounidense decidi\u00f3 no firmar tras las dudas surgidas durante sus pruebas m\u00e9dicas, lo que termin\u00f3 frenando una operaci\u00f3n que estaba pr\u00e1cticamente preparada. El mexicano, quien ya hab\u00eda reconocido que su objetivo era jugar en Europa, podr\u00eda tener una nueva oportunidad en el mercado invernal, ahora con el respaldo p\u00fablico de Filipe Luis.<\/p>\n","protected":false},"excerpt":{"rendered":"<p>El fichaje de Erik Lira por el M\u00f3naco se frustr\u00f3 en el cierre del mercado, pero el club franc\u00e9s mantiene su inter\u00e9s en el mediocampista mexicano. Filipe Luis elogi\u00f3 sus cualidades, asegur\u00f3 que tiene nivel europeo y afirm\u00f3 que seguir\u00e1 buscando su contrataci\u00f3n en cada mercado, por lo que el invierno podr\u00eda representar una nueva [&hellip;]<\/p>\n","protected":false},"author":6,"featured_media":32472,"comment_status":"open","ping_status":"open","sticky":false,"template":"","format":"standard","meta":{"_jetpack_memberships_contains_paid_content":false,"footnotes":"","jetpack_publicize_message":"","jetpack_publicize_feature_enabled":true,"jetpack_social_post_already_shared":true,"jetpack_social_options":{"image_generator_settings":{"template":"highway","default_image_id":0,"font":"","enabled":false},"version":2}},"categories":[18],"tags":[],"class_list":["post-32471","post","type-post","status-publish","format-standard","has-post-thumbnail","category-nacional"],"aioseo_notices":[],"jetpack_publicize_connections":[],"jetpack_featured_media_url":"https:\/\/angelneri.com\/new\/wp-content\/uploads\/2026\/09\/principal_tiempo1-2026-09-05t074133260.jpg","jetpack_sharing_enabled":true,"_links":{"self":[{"href":"https:\/\/angelneri.com\/new\/wp-json\/wp\/v2\/posts\/32471","targetHints":{"allow":["GET"]}}],"collection":[{"href":"https:\/\/angelneri.com\/new\/wp-json\/wp\/v2\/posts"}],"about":[{"href":"https:\/\/angelneri.com\/new\/wp-json\/wp\/v2\/types\/post"}],"author":[{"embeddable":true,"href":"https:\/\/angelneri.com\/new\/wp-json\/wp\/v2\/users\/6"}],"replies":[{"embeddable":true,"href":"https:\/\/angelneri.com\/new\/wp-json\/wp\/v2\/comments?post=32471"}],"version-history":[{"count":1,"href":"https:\/\/angelneri.com\/new\/wp-json\/wp\/v2\/posts\/32471\/revisions"}],"predecessor-version":[{"id":32473,"href":"https:\/\/angelneri.com\/new\/wp-json\/wp\/v2\/posts\/32471\/revisions\/32473"}],"wp:featuredmedia":[{"embeddable":true,"href":"https:\/\/angelneri.com\/new\/wp-json\/wp\/v2\/media\/32472"}],"wp:attachment":[{"href":"https:\/\/angelneri.com\/new\/wp-json\/wp\/v2\/media?parent=32471"}],"wp:term":[{"taxonomy":"category","embeddable":true,"href":"https:\/\/angelneri.com\/new\/wp-json\/wp\/v2\/categories?post=32471"},{"taxonomy":"post_tag","embeddable":true,"href":"https:\/\/angelneri.com\/new\/wp-json\/wp\/v2\/tags?post=32471"}],"curies":[{"name":"wp","href":"https:\/\/api.w.org\/{rel}","templated":true}]}}